{"id":3081,"date":"2022-02-15T12:53:39","date_gmt":"2022-02-15T12:53:39","guid":{"rendered":"http:\/\/areabadalona.com\/diario\/?p=3081"},"modified":"2022-02-15T12:53:40","modified_gmt":"2022-02-15T12:53:40","slug":"lajuntament-de-badalona-corregeix-la-taxa-de-terrasses-de-lany-2021-liquidada-als-establiments-de-restauracio","status":"publish","type":"post","link":"https:\/\/areabadalona.com\/diario\/2022\/02\/15\/lajuntament-de-badalona-corregeix-la-taxa-de-terrasses-de-lany-2021-liquidada-als-establiments-de-restauracio\/","title":{"rendered":"L\u2019Ajuntament de Badalona corregeix la taxa de terrasses de l\u2019any  2021 liquidada als establiments de restauraci\u00f3\u00a0"},"content":{"rendered":"\n<p>L\u2019Ajuntament de Badalona aplicar\u00e0 als locals de restauraci\u00f3 una reducci\u00f3 de les tarifes de la taxa per ocupaci\u00f3 de l\u2019espai p\u00fablic amb taules i cadires, durant l\u2019exercici 2021, per compensar l\u2019afectaci\u00f3 soferta a causa de l\u2019aplicaci\u00f3 de les restriccions decretades per la Covid-19. Aquesta reducci\u00f3 de les tarifes de la taxa per ocupaci\u00f3 de l\u2019espai p\u00fablic se situa entre el 14 i el 23 per cent.&nbsp;<\/p>\n\n\n\n<p>Per als establiments de restauraci\u00f3 que tenen l\u2019horari gen\u00e8ric d\u2019obertura, la reducci\u00f3 aplicada \u00e9s del 18,42%; per als locals del carrer de Francesc Layret el 14,13% i per als bars i restaurants de la zona del passeig de La Rambla, el passeig Mar\u00edtim i el carrer de Santa Madrona la reducci\u00f3 arriba fins al 23,11%. En total els establiments de restauraci\u00f3 tindran una reducci\u00f3 de la taxa de 105.445, 98 euros.&nbsp;<\/p>\n\n\n\n<p>A la Resoluci\u00f3 de reducci\u00f3 de la taxa per activitats comercials per instal\u00b7laci\u00f3 de vetlladors, taules i cadires annexos a locals de restauraci\u00f3 s\u2019assenyala que \u201cdonades les circumst\u00e0ncies excepcionals de l\u2019estat d\u2019alarma no ha estat possible la utilitzaci\u00f3 o aprofitament del domini p\u00fablic local per la qual cosa la taxa no \u00e9s exigible en la seva totalitat i, per tant, s\u2019ha de procedir a aplicar les reduccions proporcionals en funci\u00f3 dels horaris dels establiments\u201d. &nbsp;<\/p>\n\n\n\n<p>Per a aquells casos en qu\u00e8 encara no s\u2019ha produ\u00eft el pagament de la taxa, s\u2019anul\u00b7len els rebuts, i s\u2019emeten les noves liquidacions. Pels propietaris que paguen els rebuts de forma fraccionada, es fa una anul\u00b7laci\u00f3 parcial a cadascun dels rebuts. Pels casos en qu\u00e8 ja s\u2019han pagat els rebuts sense reducci\u00f3, es procedir\u00e0 a la devoluci\u00f3 dels imports ingressats en exc\u00e9s.&nbsp;<\/p>\n\n\n\n<p><strong>Corregir un greuge&nbsp;<\/strong><\/p>\n\n\n\n<p>L\u2019alcalde de Badalona, Rub\u00e9n Guijarro, ha manifestat que \u201ctal com ens vam comprometre, aquest Govern municipal corregeix el greuge sofert pels bars i restauradors amb terrasses perqu\u00e8 l\u2019anterior govern volia fer pagar \u00edntegrament una taxa quan durant mesos no han pogut treballar amb normalitat, patint restriccions d\u2019horaris i d\u2019aforament\u201d. \u201cEra un cobrament injust i els propietaris d\u2019aquests bars i restaurants que tan malament ho han passat veuran com recuperen durant aquest mes de mar\u00e7 els diners cobrats indegudament\u201d, ha concl\u00f2s l\u2019alcalde.&nbsp;<\/p>\n","protected":false},"excerpt":{"rendered":"<p>L\u2019Ajuntament de Badalona aplicar\u00e0 als locals de restauraci\u00f3 una reducci\u00f3 de les tarifes de la taxa per ocupaci\u00f3 de l\u2019espai p\u00fablic amb taules i cadires, durant l\u2019exercici 2021, per compensar l\u2019afectaci\u00f3 soferta a causa de l\u2019aplicaci\u00f3 de les restriccions decretades per la Covid-19. Aquesta reducci\u00f3 de les tarifes de la taxa per ocupaci\u00f3 de l\u2019espai [&hellip;]<\/p>\n","protected":false},"author":2,"featured_media":3082,"comment_status":"open","ping_status":"open","sticky":false,"template":"","format":"standard","meta":{"footnotes":""},"categories":[23],"tags":[],"class_list":{"0":"post-3081","1":"post","2":"type-post","3":"status-publish","4":"format-standard","5":"has-post-thumbnail","7":"category-actualitat"},"_links":{"self":[{"href":"https:\/\/areabadalona.com\/diario\/wp-json\/wp\/v2\/posts\/3081","targetHints":{"allow":["GET"]}}],"collection":[{"href":"https:\/\/areabadalona.com\/diario\/wp-json\/wp\/v2\/posts"}],"about":[{"href":"https:\/\/areabadalona.com\/diario\/wp-json\/wp\/v2\/types\/post"}],"author":[{"embeddable":true,"href":"https:\/\/areabadalona.com\/diario\/wp-json\/wp\/v2\/users\/2"}],"replies":[{"embeddable":true,"href":"https:\/\/areabadalona.com\/diario\/wp-json\/wp\/v2\/comments?post=3081"}],"version-history":[{"count":1,"href":"https:\/\/areabadalona.com\/diario\/wp-json\/wp\/v2\/posts\/3081\/revisions"}],"predecessor-version":[{"id":3083,"href":"https:\/\/areabadalona.com\/diario\/wp-json\/wp\/v2\/posts\/3081\/revisions\/3083"}],"wp:featuredmedia":[{"embeddable":true,"href":"https:\/\/areabadalona.com\/diario\/wp-json\/wp\/v2\/media\/3082"}],"wp:attachment":[{"href":"https:\/\/areabadalona.com\/diario\/wp-json\/wp\/v2\/media?parent=3081"}],"wp:term":[{"taxonomy":"category","embeddable":true,"href":"https:\/\/areabadalona.com\/diario\/wp-json\/wp\/v2\/categories?post=3081"},{"taxonomy":"post_tag","embeddable":true,"href":"https:\/\/areabadalona.com\/diario\/wp-json\/wp\/v2\/tags?post=3081"}],"curies":[{"name":"wp","href":"https:\/\/api.w.org\/{rel}","templated":true}]}}