{"id":3078,"date":"2022-02-15T09:51:16","date_gmt":"2022-02-15T09:51:16","guid":{"rendered":"http:\/\/areabadalona.com\/diario\/?p=3078"},"modified":"2022-02-15T09:51:17","modified_gmt":"2022-02-15T09:51:17","slug":"lajuntament-signa-un-acord-de-col%c2%b7laboracio-amb-el-nou-hotel-salles-marina-badalona-per-fomentar-locupacio-de-veins-de-badalona","status":"publish","type":"post","link":"https:\/\/areabadalona.com\/diario\/2022\/02\/15\/lajuntament-signa-un-acord-de-col%c2%b7laboracio-amb-el-nou-hotel-salles-marina-badalona-per-fomentar-locupacio-de-veins-de-badalona\/","title":{"rendered":"L\u2019Ajuntament signa un acord de col\u00b7laboraci\u00f3 amb el nou Hotel  Sall\u00e9s Marina Badalona per fomentar l\u2019ocupaci\u00f3 de ve\u00efns de Badalona\u00a0"},"content":{"rendered":"\n<p>L\u2019Ajuntament de Badalona ha signat un acord de col\u00b7laboraci\u00f3 amb el grup Sall\u00e9s Hotels, propietaris de l\u2019Hotel Sall\u00e9s Marina Badalona, per fomentar que les persones contractades per l\u2019empresa per treballar al nou hotel siguin ve\u00efns de la ciutat. Per fer-ho, el Consistori municipal posar\u00e0 a disposici\u00f3 dels gestors de l\u2019hotel la borsa de treball del Servei d\u2019Impuls Municipal de Promoci\u00f3 de l\u2019Ocupaci\u00f3 (IMPO) amb l\u2019objectiu de cobrir els llocs de feina vacants amb les persones que millor s\u2019ajustin al perfil demandat per l\u2019empresa. &nbsp;<\/p>\n\n\n\n<p>En l\u2019acord signat s\u2019estableix que el grup Sall\u00e9s facilitar\u00e0 per escrit a l\u2019Ajuntament la definici\u00f3 de les ofertes de treball per cobrir les vacants, detallant les funcions i tasques del lloc de feina, el perfil idoni dels candidats a seleccionar i les condicions de treball que s\u2019oferiran. En aquest punt, l\u2019Ajuntament posar\u00e0 a disposici\u00f3 dels gestors de l\u2019hotel la borsa de treball amb els perfils que s\u2019adeq\u00fcin a les seves demandes amb el comprom\u00eds de qu\u00e8 l\u2019empresa incorpori a totes les persones derivades de l\u2019IMPO, com a m\u00ednim, en la fase inicial del proc\u00e9s de selecci\u00f3 i informi dels resultats de la selecci\u00f3, tant dels candidats seleccionats com les causes de ref\u00fas de les persones no seleccionades.&nbsp;<\/p>\n\n\n\n<p>La signatura de l\u2019acord de col\u00b7laboraci\u00f3 s\u2019ha fet aquest dilluns al mat\u00ed en un acte al nou Hotel Sall\u00e9s Marina Badalona. Abans de la signatura s\u2019ha fet un recorregut per les instal\u00b7lacions del nou hotel en qu\u00e8 han participat l\u2019alcalde de Badalona, Rub\u00e9n Guijarro; el primer tinent d&#8217;Alcaldia i regidor de l&#8217;\u00c0mbit d&#8217;Impuls de Ciutat i Reconstrucci\u00f3 COVID, \u00c0lex Montorn\u00e8s; el sis\u00e8 tinent d&#8217;Alcaldia i regidor de l&#8217;\u00c0mbit de Govern i Seguretat, Christian Carneado; la regidora de Cultura i Mobilitat, Anna Maria Lara; Yolanda Sall\u00e9s i Salvador Sall\u00e9s, propietaris del grup Sall\u00e9s Hotels; i Imanol Sanz, gerent de Marina Badalona.&nbsp;<\/p>\n\n\n\n<p>L\u2019alcalde de Badalona, Rub\u00e9n Guijarro, ha volgut agrair al grup Sall\u00e9s Hotels \u201cla signatura d\u2019aquest acord que permetr\u00e0 dinamitzar l\u2019economia local i donar feina a persones de la nostra ciutat\u201d. Guijarro ha destacat que \u201cl\u2019obertura d\u2019aquest hotel servir\u00e0 com a pol d\u2019atracci\u00f3 de la ciutat i, juntament amb la construcci\u00f3 del canal que s\u2019ha de desencallar amb els pressupostos municipals que hem presentat, suposar\u00e0 la creaci\u00f3 d\u2019una nova centralitat a Badalona que ha de servir per impulsar la ciutat amb optimisme cap al futur\u201d. &nbsp;<\/p>\n\n\n\n<p>La gerent del grup Sall\u00e9s Hotels, Yolanda Sall\u00e9s, ha explicat que \u201cvolem que el nostre hotel tingui un fort vincle amb la ciutat i per aix\u00f2, a m\u00e9s de promoure la contractaci\u00f3 de persones de Badalona, oferirem als nostres clients experi\u00e8ncies lligades a la cultura local, com visites al museu o activitats n\u00e0utiques al port\u201d. &nbsp;<\/p>\n","protected":false},"excerpt":{"rendered":"<p>L\u2019Ajuntament de Badalona ha signat un acord de col\u00b7laboraci\u00f3 amb el grup Sall\u00e9s Hotels, propietaris de l\u2019Hotel Sall\u00e9s Marina Badalona, per fomentar que les persones contractades per l\u2019empresa per treballar al nou hotel siguin ve\u00efns de la ciutat. Per fer-ho, el Consistori municipal posar\u00e0 a disposici\u00f3 dels gestors de l\u2019hotel la borsa de treball del [&hellip;]<\/p>\n","protected":false},"author":2,"featured_media":3079,"comment_status":"open","ping_status":"open","sticky":false,"template":"","format":"standard","meta":{"footnotes":""},"categories":[23],"tags":[],"class_list":{"0":"post-3078","1":"post","2":"type-post","3":"status-publish","4":"format-standard","5":"has-post-thumbnail","7":"category-actualitat"},"_links":{"self":[{"href":"https:\/\/areabadalona.com\/diario\/wp-json\/wp\/v2\/posts\/3078","targetHints":{"allow":["GET"]}}],"collection":[{"href":"https:\/\/areabadalona.com\/diario\/wp-json\/wp\/v2\/posts"}],"about":[{"href":"https:\/\/areabadalona.com\/diario\/wp-json\/wp\/v2\/types\/post"}],"author":[{"embeddable":true,"href":"https:\/\/areabadalona.com\/diario\/wp-json\/wp\/v2\/users\/2"}],"replies":[{"embeddable":true,"href":"https:\/\/areabadalona.com\/diario\/wp-json\/wp\/v2\/comments?post=3078"}],"version-history":[{"count":1,"href":"https:\/\/areabadalona.com\/diario\/wp-json\/wp\/v2\/posts\/3078\/revisions"}],"predecessor-version":[{"id":3080,"href":"https:\/\/areabadalona.com\/diario\/wp-json\/wp\/v2\/posts\/3078\/revisions\/3080"}],"wp:featuredmedia":[{"embeddable":true,"href":"https:\/\/areabadalona.com\/diario\/wp-json\/wp\/v2\/media\/3079"}],"wp:attachment":[{"href":"https:\/\/areabadalona.com\/diario\/wp-json\/wp\/v2\/media?parent=3078"}],"wp:term":[{"taxonomy":"category","embeddable":true,"href":"https:\/\/areabadalona.com\/diario\/wp-json\/wp\/v2\/categories?post=3078"},{"taxonomy":"post_tag","embeddable":true,"href":"https:\/\/areabadalona.com\/diario\/wp-json\/wp\/v2\/tags?post=3078"}],"curies":[{"name":"wp","href":"https:\/\/api.w.org\/{rel}","templated":true}]}}