{"id":3075,"date":"2022-02-15T09:44:24","date_gmt":"2022-02-15T09:44:24","guid":{"rendered":"http:\/\/areabadalona.com\/diario\/?p=3075"},"modified":"2022-02-15T09:44:25","modified_gmt":"2022-02-15T09:44:25","slug":"anticapitalistes-organitza-un-acte-sobre-les-macrogranges-a-badalona","status":"publish","type":"post","link":"https:\/\/areabadalona.com\/diario\/2022\/02\/15\/anticapitalistes-organitza-un-acte-sobre-les-macrogranges-a-badalona\/","title":{"rendered":"Anticapitalistes organitza un acte  sobre les macrogranges a Badalona"},"content":{"rendered":"\n<p>Anticapitalistes organitzar\u00e0 el proper dijous 17 de febrer a les 19h un acte a Can Cabanyes per parlar i debatre sobre l\u2019efecte negatiu de les macrogranges tant en l\u2019entorn natural com en el social i tamb\u00e9 sobre les alternatives m\u00e9s sostenibles que existeixen.<\/p>\n\n\n\n<p>Participaran Pino Del\u00e0s, membre d\u2019Anticapitalistes i ramader de la cooperativa Llavora (<a href=\"https:\/\/llavora.cat\/\">https:\/\/llavora.cat\/<\/a>), un projecte agroecol\u00f2gic per la transici\u00f3 del sector porc\u00ed ubicat a l\u2019Empord\u00e0, i Dolors Clotas, cofundadora Conreu Sereny (<a href=\"https:\/\/www.conreusereny.cat\/\">https:\/\/www.conreusereny.cat\/<\/a>), cooperativa badalonina agroecol\u00f2gica i social creada per treballar de manera sostenible i ecol\u00f2gica, sense agrot\u00f2xics ni transg\u00e8nics, i mantenint la biodiversitat i les llavors tradicionals.<\/p>\n","protected":false},"excerpt":{"rendered":"<p>Anticapitalistes organitzar\u00e0 el proper dijous 17 de febrer a les 19h un acte a Can Cabanyes per parlar i debatre sobre l\u2019efecte negatiu de les macrogranges tant en l\u2019entorn natural com en el social i tamb\u00e9 sobre les alternatives m\u00e9s sostenibles que existeixen. Participaran Pino Del\u00e0s, membre d\u2019Anticapitalistes i ramader de la cooperativa Llavora (https:\/\/llavora.cat\/), [&hellip;]<\/p>\n","protected":false},"author":2,"featured_media":3076,"comment_status":"open","ping_status":"open","sticky":false,"template":"","format":"standard","meta":{"footnotes":""},"categories":[23],"tags":[],"class_list":{"0":"post-3075","1":"post","2":"type-post","3":"status-publish","4":"format-standard","5":"has-post-thumbnail","7":"category-actualitat"},"_links":{"self":[{"href":"https:\/\/areabadalona.com\/diario\/wp-json\/wp\/v2\/posts\/3075","targetHints":{"allow":["GET"]}}],"collection":[{"href":"https:\/\/areabadalona.com\/diario\/wp-json\/wp\/v2\/posts"}],"about":[{"href":"https:\/\/areabadalona.com\/diario\/wp-json\/wp\/v2\/types\/post"}],"author":[{"embeddable":true,"href":"https:\/\/areabadalona.com\/diario\/wp-json\/wp\/v2\/users\/2"}],"replies":[{"embeddable":true,"href":"https:\/\/areabadalona.com\/diario\/wp-json\/wp\/v2\/comments?post=3075"}],"version-history":[{"count":1,"href":"https:\/\/areabadalona.com\/diario\/wp-json\/wp\/v2\/posts\/3075\/revisions"}],"predecessor-version":[{"id":3077,"href":"https:\/\/areabadalona.com\/diario\/wp-json\/wp\/v2\/posts\/3075\/revisions\/3077"}],"wp:featuredmedia":[{"embeddable":true,"href":"https:\/\/areabadalona.com\/diario\/wp-json\/wp\/v2\/media\/3076"}],"wp:attachment":[{"href":"https:\/\/areabadalona.com\/diario\/wp-json\/wp\/v2\/media?parent=3075"}],"wp:term":[{"taxonomy":"category","embeddable":true,"href":"https:\/\/areabadalona.com\/diario\/wp-json\/wp\/v2\/categories?post=3075"},{"taxonomy":"post_tag","embeddable":true,"href":"https:\/\/areabadalona.com\/diario\/wp-json\/wp\/v2\/tags?post=3075"}],"curies":[{"name":"wp","href":"https:\/\/api.w.org\/{rel}","templated":true}]}}