{"id":3072,"date":"2022-02-11T17:47:00","date_gmt":"2022-02-11T17:47:00","guid":{"rendered":"http:\/\/areabadalona.com\/diario\/?p=3072"},"modified":"2022-02-14T10:56:19","modified_gmt":"2022-02-14T10:56:19","slug":"lalcalde-de-badalona-es-reuneix-amb-representants-dels-sindicats-ugt-i-ccoo-per-exposar-les-partides-dambit-laboral-de-la-proposta-de-pressupost-municipal","status":"publish","type":"post","link":"https:\/\/areabadalona.com\/diario\/2022\/02\/11\/lalcalde-de-badalona-es-reuneix-amb-representants-dels-sindicats-ugt-i-ccoo-per-exposar-les-partides-dambit-laboral-de-la-proposta-de-pressupost-municipal\/","title":{"rendered":"L\u2019alcalde de Badalona es reuneix amb representants dels sindicats  UGT i CCOO per exposar les partides d\u2019\u00e0mbit laboral de la proposta de pressupost  municipal\u00a0"},"content":{"rendered":"\n<p>L\u2019alcalde de Badalona, Rub\u00e9n Guijarro, s\u2019ha reunit aquest divendres al mat\u00ed amb representants dels dos sindicats majoritaris a la ciutat, UGT i CCOO, per explicar la proposta de pressupost municipal que es portar\u00e0 a l\u2019aprovaci\u00f3 del Ple. Durant la trobada, que s\u2019emmarca en la ronda de reunions que des del govern s\u2019estan fent per donar a con\u00e8ixer els comptes a les diferents entitats i organitzacions de la ciutat, Guijarro ha detallat quines partides d\u2019\u00e0mbit laboral estan contemplades en la proposta pressupost\u00e0ria, entre les quals ha destacat l\u2019augment de sis milions d\u2019euros per incrementar l\u2019oferta p\u00fablica i dotar a l\u2019organitzaci\u00f3 de m\u00e9s recursos per desenvolupar les pol\u00edtiques p\u00fabliques plantejades.&nbsp; L\u2019alcalde tamb\u00e9 ha destacat davant els representants sindicals la inversi\u00f3 de tres milions d\u2019euros destinada a millorar i modernitzar els pol\u00edgons industrials de la ciutat i una partida d\u2019un mili\u00f3 d\u2019euros per afavorir la contractaci\u00f3 indefinida en les empreses de la ciutat.&nbsp;<\/p>\n\n\n\n<p>L\u2019alcalde de Badalona ha considerat que la trobada ha estat molt positiva i que ha servit per \u201cenfortir la relaci\u00f3 del Govern municipal amb els sindicats majoritaris de la ciutat\u201d. Guijarro ha agra\u00eft als&nbsp; representants sindicals \u201cel seu suport a la proposta pressupost\u00e0ria que ens permetr\u00e0 desplegar les pol\u00edtiques que necessita la ciutat per comen\u00e7ar la reconstrucci\u00f3\u201d i ha destacat \u201cel ferm comprom\u00eds del govern per acordar amb els sindicats de la ciutat un Pacte Local per l\u2019Ocupaci\u00f3 on poder treballar bra\u00e7 a bra\u00e7 per aplicar pol\u00edtiques de promoci\u00f3 econ\u00f2mica a Badalona\u201d. &nbsp;<\/p>\n","protected":false},"excerpt":{"rendered":"<p>L\u2019alcalde de Badalona, Rub\u00e9n Guijarro, s\u2019ha reunit aquest divendres al mat\u00ed amb representants dels dos sindicats majoritaris a la ciutat, UGT i CCOO, per explicar la proposta de pressupost municipal que es portar\u00e0 a l\u2019aprovaci\u00f3 del Ple. Durant la trobada, que s\u2019emmarca en la ronda de reunions que des del govern s\u2019estan fent per donar [&hellip;]<\/p>\n","protected":false},"author":2,"featured_media":3073,"comment_status":"open","ping_status":"open","sticky":false,"template":"","format":"standard","meta":{"footnotes":""},"categories":[23],"tags":[],"class_list":{"0":"post-3072","1":"post","2":"type-post","3":"status-publish","4":"format-standard","5":"has-post-thumbnail","7":"category-actualitat"},"_links":{"self":[{"href":"https:\/\/areabadalona.com\/diario\/wp-json\/wp\/v2\/posts\/3072","targetHints":{"allow":["GET"]}}],"collection":[{"href":"https:\/\/areabadalona.com\/diario\/wp-json\/wp\/v2\/posts"}],"about":[{"href":"https:\/\/areabadalona.com\/diario\/wp-json\/wp\/v2\/types\/post"}],"author":[{"embeddable":true,"href":"https:\/\/areabadalona.com\/diario\/wp-json\/wp\/v2\/users\/2"}],"replies":[{"embeddable":true,"href":"https:\/\/areabadalona.com\/diario\/wp-json\/wp\/v2\/comments?post=3072"}],"version-history":[{"count":1,"href":"https:\/\/areabadalona.com\/diario\/wp-json\/wp\/v2\/posts\/3072\/revisions"}],"predecessor-version":[{"id":3074,"href":"https:\/\/areabadalona.com\/diario\/wp-json\/wp\/v2\/posts\/3072\/revisions\/3074"}],"wp:featuredmedia":[{"embeddable":true,"href":"https:\/\/areabadalona.com\/diario\/wp-json\/wp\/v2\/media\/3073"}],"wp:attachment":[{"href":"https:\/\/areabadalona.com\/diario\/wp-json\/wp\/v2\/media?parent=3072"}],"wp:term":[{"taxonomy":"category","embeddable":true,"href":"https:\/\/areabadalona.com\/diario\/wp-json\/wp\/v2\/categories?post=3072"},{"taxonomy":"post_tag","embeddable":true,"href":"https:\/\/areabadalona.com\/diario\/wp-json\/wp\/v2\/tags?post=3072"}],"curies":[{"name":"wp","href":"https:\/\/api.w.org\/{rel}","templated":true}]}}