{"id":3068,"date":"2022-02-11T12:50:31","date_gmt":"2022-02-11T12:50:31","guid":{"rendered":"http:\/\/areabadalona.com\/diario\/?p=3068"},"modified":"2022-02-11T12:50:31","modified_gmt":"2022-02-11T12:50:31","slug":"badalona-amplia-les-seves-instal%c2%b7lacions-fotovoltaiques-amb-una-planta-de-640-m%c2%b2-situada-sobre-el-diposit-municipal-de-vehicles","status":"publish","type":"post","link":"https:\/\/areabadalona.com\/diario\/2022\/02\/11\/badalona-amplia-les-seves-instal%c2%b7lacions-fotovoltaiques-amb-una-planta-de-640-m%c2%b2-situada-sobre-el-diposit-municipal-de-vehicles\/","title":{"rendered":"Badalona amplia les seves instal\u00b7lacions fotovoltaiques amb una  planta de 640 m\u00b2 situada sobre el dip\u00f2sit municipal de vehicles\u00a0"},"content":{"rendered":"\n<p>La coberta de la p\u00e8rgola que est\u00e0 situada sobre el dip\u00f2sit municipal de vehicles, ubicat a l\u2019avinguda de Salvador Espriu, acollir\u00e0 una instal\u00b7laci\u00f3 fotovoltaica de 640 metres quadrats. L\u2019energia el\u00e8ctrica generada ser\u00e0 compartida per diversos equipaments municipals situats en un radi inferior als 5000 metres.&nbsp;<\/p>\n\n\n\n<p>La instal\u00b7laci\u00f3 fotovoltaica estar\u00e0 formada per 288 m\u00f2duls de 445 Wp de pot\u00e8ncia, equivalent a una pot\u00e8ncia pic total de 131 kWp. Est\u00e0 previst que generi uns 165.338 kWh\/any, fet que suposar\u00e0 una reducci\u00f3 d\u2019emissions de CO\u2082 de m\u00e9s de 54 tones. El cost de la inversi\u00f3 prevista \u00e9s de 184.037 euros i forma part de les millores energ\u00e8tiques finan\u00e7ades a trav\u00e9s del contracte de subministrament el\u00e8ctric que l\u2019Ajuntament t\u00e9 vigent amb Naturgy.&nbsp;<\/p>\n\n\n\n<p>La instal\u00b7laci\u00f3 estar\u00e0 acollida al r\u00e8gim d\u2019autoconsum compartit amb compensaci\u00f3 d\u2019excedents. Aix\u00f2 significa que l\u2019energia el\u00e8ctrica produ\u00efda ser\u00e0 compartida amb alguns dels equipaments pr\u00f2xims. En aquest cas es preveu que l\u2019energia sigui consumida pel dip\u00f2sit de la grua municipal; la masia de Can Cabanyes, la zona esportiva de Can Cabanyes; la zona esportiva Pere Gol, el casal de Gent Gran del Raval; la biblioteca Lloreda i el CAP Nova Lloreda.&nbsp;<\/p>\n\n\n\n<p>Aquesta actuaci\u00f3 forma part del comprom\u00eds municipal amb la transici\u00f3 energ\u00e8tica, el foment de les energies renovables i l\u2019efici\u00e8ncia energ\u00e8tica, i els acords del pacte d\u2019alcaldes PAESC (Pla d\u2019Acci\u00f3 per l\u2019Energia Sostenible i el Clima). Aquesta instal\u00b7laci\u00f3, entre els barris de Nova Lloreda i Sistrells s\u2019afegeix a les iniciades a la coberta de l\u2019Escola Lola Anglada i al Badalona Centre Internacional de Negocis (BCIN). &nbsp;<\/p>\n\n\n\n<p>L\u2019estalvi econ\u00f2mic previst d\u2019aquesta instal\u00b7laci\u00f3 fotovoltaica se situar\u00e0 al voltant dels 28.896 euros anuals, amb una rendibilitat de la inversi\u00f3 de poc m\u00e9s de 6 anys.&nbsp;<\/p>\n\n\n\n<p>L\u2019alcalde de Badalona, Rub\u00e9n Guijarro i la regidora de l\u2019\u00c0rea de Medi Ambient i Sostenibilitat, Rosa Trenado, han visitat aquest dijous la nova instal\u00b7laci\u00f3 fotovoltaica per con\u00e8ixer els detalls del seu funcionament. Durant la visita, L\u2019alcalde ha assegurat que \u201cla transici\u00f3 energ\u00e8tica juga un paper vital en la lluita contra el canvi clim\u00e0tic i \u00e9s per aquest motiu que des dels ajuntaments hem de liderar-la i ser exemple\u201d. \u201cDes del Govern municipal estem fermament compromesos amb aquesta lluita i \u00e9s per aix\u00f2 s&#8217;estan preparant diverses instal\u00b7lacions fotovoltaiques a la ciutat que subministrin energia verda als edificis municipals\u201d ha afegit Guijarro. &nbsp;<\/p>\n\n\n\n<p>En la mateixa l\u00ednia, la regidora Trenado ha destacat que \u201cper imaginar la Badalona del futur \u00e9s imprescindible repensar els models energ\u00e8tics i de consum i tenir present di\u00e0riament la necessitat de canviar molts h\u00e0bits i costums per adaptar-nos a la realitat clim\u00e0tica\u201d. En aquest sentit, Trenado ha convidat la ciutadania de Badalona \u201ca ser part\u00edcips de la transici\u00f3 energ\u00e8tica i que aprofitin les diverses ajudes que actualment estan al seu abast, com les provinents dels fons europeus i gestionades a Catalunya per l\u2019ICAEN, la bonificaci\u00f3 de l\u2019IBI i el servei d\u2019assessorament energ\u00e8tic que ofereix l\u2019ajuntament i que pot ajudar als ciutadans i empreses en tot el proc\u00e9s de dimensionat de la instal\u00b7laci\u00f3, de la tria dels possibles instal\u00b7ladors, de les subvencions i de la posada en servei.\u201d&nbsp;<\/p>\n","protected":false},"excerpt":{"rendered":"<p>La coberta de la p\u00e8rgola que est\u00e0 situada sobre el dip\u00f2sit municipal de vehicles, ubicat a l\u2019avinguda de Salvador Espriu, acollir\u00e0 una instal\u00b7laci\u00f3 fotovoltaica de 640 metres quadrats. L\u2019energia el\u00e8ctrica generada ser\u00e0 compartida per diversos equipaments municipals situats en un radi inferior als 5000 metres.&nbsp; La instal\u00b7laci\u00f3 fotovoltaica estar\u00e0 formada per 288 m\u00f2duls de 445 [&hellip;]<\/p>\n","protected":false},"author":2,"featured_media":3069,"comment_status":"open","ping_status":"open","sticky":false,"template":"","format":"standard","meta":{"footnotes":""},"categories":[23,24],"tags":[],"class_list":{"0":"post-3068","1":"post","2":"type-post","3":"status-publish","4":"format-standard","5":"has-post-thumbnail","7":"category-actualitat","8":"category-societat"},"_links":{"self":[{"href":"https:\/\/areabadalona.com\/diario\/wp-json\/wp\/v2\/posts\/3068","targetHints":{"allow":["GET"]}}],"collection":[{"href":"https:\/\/areabadalona.com\/diario\/wp-json\/wp\/v2\/posts"}],"about":[{"href":"https:\/\/areabadalona.com\/diario\/wp-json\/wp\/v2\/types\/post"}],"author":[{"embeddable":true,"href":"https:\/\/areabadalona.com\/diario\/wp-json\/wp\/v2\/users\/2"}],"replies":[{"embeddable":true,"href":"https:\/\/areabadalona.com\/diario\/wp-json\/wp\/v2\/comments?post=3068"}],"version-history":[{"count":1,"href":"https:\/\/areabadalona.com\/diario\/wp-json\/wp\/v2\/posts\/3068\/revisions"}],"predecessor-version":[{"id":3070,"href":"https:\/\/areabadalona.com\/diario\/wp-json\/wp\/v2\/posts\/3068\/revisions\/3070"}],"wp:featuredmedia":[{"embeddable":true,"href":"https:\/\/areabadalona.com\/diario\/wp-json\/wp\/v2\/media\/3069"}],"wp:attachment":[{"href":"https:\/\/areabadalona.com\/diario\/wp-json\/wp\/v2\/media?parent=3068"}],"wp:term":[{"taxonomy":"category","embeddable":true,"href":"https:\/\/areabadalona.com\/diario\/wp-json\/wp\/v2\/categories?post=3068"},{"taxonomy":"post_tag","embeddable":true,"href":"https:\/\/areabadalona.com\/diario\/wp-json\/wp\/v2\/tags?post=3068"}],"curies":[{"name":"wp","href":"https:\/\/api.w.org\/{rel}","templated":true}]}}