{"id":3065,"date":"2022-02-11T11:30:41","date_gmt":"2022-02-11T11:30:41","guid":{"rendered":"http:\/\/areabadalona.com\/diario\/?p=3065"},"modified":"2022-02-11T11:30:42","modified_gmt":"2022-02-11T11:30:42","slug":"les-obres-de-substitucio-del-sistema-de-climatitzacio-de-la-biblioteca-central-urbana-can-casacuberta-i-lespai-betulia-de-badalona-duraran-4-mesos","status":"publish","type":"post","link":"https:\/\/areabadalona.com\/diario\/2022\/02\/11\/les-obres-de-substitucio-del-sistema-de-climatitzacio-de-la-biblioteca-central-urbana-can-casacuberta-i-lespai-betulia-de-badalona-duraran-4-mesos\/","title":{"rendered":"Les obres de substituci\u00f3 del sistema de climatitzaci\u00f3 de la  Biblioteca Central Urbana Can Casacuberta i l\u2019Espai Bet\u00falia de Badalona duraran  4 mesos"},"content":{"rendered":"\n<p>Les obres de substituci\u00f3 del sistema de climatitzaci\u00f3 de la Biblioteca Central Urbana Can Casacuberta i l\u2019Espai Bet\u00falia de Badalona tindran una durada m\u00e0xima de 4 mesos. Ahir dimecres 9 de febrer la mesa de contractaci\u00f3 de l\u2019Ajuntament de Badalona va fer la proposta d\u2019adjudicaci\u00f3 dels dos lots d\u2019aquesta licitaci\u00f3, un d\u2019execuci\u00f3 de les obres per import de 239.338 euros (IVA incl\u00f2s) i un altre per a l\u2019assist\u00e8ncia t\u00e8cnica, per import de 7.018 euros (IVA incl\u00f2s). L\u2019empresa adjudicat\u00e0ria, una vegada es publiqui al perfil del contractant, disposa de 7 dies h\u00e0bils per presentar la documentaci\u00f3 reglament\u00e0ria per adjudicar el contracte. La previsi\u00f3 \u00e9s que aquestes obres puguin comen\u00e7ar en unes setmanes un cop se signi el contracte amb l\u2019empresa adjudicat\u00e0ria.&nbsp;<\/p>\n\n\n\n<p>La Biblioteca de Can Casacuberta va deixar de prestar servei el 20 de desembre del 2019, despr\u00e9s que un curtcircuit en un quadre el\u00e8ctric va posar de relleu tot un seguit de mancances estructurals. Aquest equipament arrossegava des de feia anys problemes de calefacci\u00f3; climatitzaci\u00f3, i de compliment de la normativa dels sistemes d\u2019extinci\u00f3 d&#8217;incendis, entre altres.&nbsp;<\/p>\n\n\n\n<p>Per q\u00fcestions de seguretat, que afectaven tant la plantilla com els usuaris, es va haver de tancar la biblioteca fins a resoldre totes les defici\u00e8ncies i poder assegurar la reobertura en les condicions adequades i amb el compliment de la normativa.&nbsp;<\/p>\n\n\n\n<p>A m\u00e9s de la substituci\u00f3 del sistema de climatitzaci\u00f3, a la biblioteca Can Casacuberta s\u2019han efectuat diverses actuacions de millora per un import superior als 100.000 euros: canvi de caldera; reparaci\u00f3 de part de la coberta plana per evitar filtracions de l\u2019aigua de la pluja; adequaci\u00f3 del taulell a la normativa de riscos laborals; instal\u00b7lacions de mampares a la zona de magatzem; nova capa de contraxapat al passad\u00eds; nous panells de retolaci\u00f3 i magn\u00e8tics a la secci\u00f3 infantil; augment de punts d\u2019endolls el\u00e8ctrics per facilitar la connexi\u00f3 als usuaris; augment dels punts d\u2019il\u00b7luminaci\u00f3 i adequaci\u00f3 del muntac\u00e0rregues per convertir-lo en ascensor i facilitar l\u2019accessibilitat a la segona planta.&nbsp;<\/p>\n\n\n\n<p>Altres obres pendents que s\u2019han d\u2019executar per fer possible la seva reobertura s\u00f3n les seg\u00fcents:&nbsp;<\/p>\n\n\n\n<p>&#8211; Substituci\u00f3 d\u2019una de les portes d\u2019acc\u00e9s a la biblioteca i eliminaci\u00f3 d\u2019una altra a causa del seu mal estat de conservaci\u00f3. Aquesta obra ja est\u00e0 adjudicada per un import de 17.000 euros amb una previsi\u00f3 de finalitzaci\u00f3 de 2 mesos.&nbsp;<\/p>\n\n\n\n<p>&#8211; Reparaci\u00f3 de la coberta de l\u2019espai entre la Biblioteca de Can Casacuberta i l\u2019Espai Bet\u00falia. El projecte obra aprovat d\u2019aquesta t\u00e9 un import de m\u00e9s de 197.000 euros.&nbsp;<\/p>\n\n\n\n<p>La regidora de l\u2019\u00c0rea de Cultura de l\u2019Ajuntament de Badalona, Anna M. Lara ha manifestat que: \u201cl\u2019obertura de la biblioteca de Can Casacuberta \u00e9s una prioritat clara d\u2019aquest govern municipal i som molt conscients que aquesta situaci\u00f3 no es pot allargar m\u00e9s en el temps\u201d. La regidora ha afegit: \u201ccal fer una reflexi\u00f3 sobre la manca de manteniment de molts edificis municipals i posar fil a l\u2019agulla perqu\u00e8 situacions com aquesta no es reprodueixin.\u201d&nbsp;<\/p>\n","protected":false},"excerpt":{"rendered":"<p>Les obres de substituci\u00f3 del sistema de climatitzaci\u00f3 de la Biblioteca Central Urbana Can Casacuberta i l\u2019Espai Bet\u00falia de Badalona tindran una durada m\u00e0xima de 4 mesos. Ahir dimecres 9 de febrer la mesa de contractaci\u00f3 de l\u2019Ajuntament de Badalona va fer la proposta d\u2019adjudicaci\u00f3 dels dos lots d\u2019aquesta licitaci\u00f3, un d\u2019execuci\u00f3 de les obres [&hellip;]<\/p>\n","protected":false},"author":2,"featured_media":3066,"comment_status":"open","ping_status":"open","sticky":false,"template":"","format":"standard","meta":{"footnotes":""},"categories":[23,24],"tags":[],"class_list":{"0":"post-3065","1":"post","2":"type-post","3":"status-publish","4":"format-standard","5":"has-post-thumbnail","7":"category-actualitat","8":"category-societat"},"_links":{"self":[{"href":"https:\/\/areabadalona.com\/diario\/wp-json\/wp\/v2\/posts\/3065","targetHints":{"allow":["GET"]}}],"collection":[{"href":"https:\/\/areabadalona.com\/diario\/wp-json\/wp\/v2\/posts"}],"about":[{"href":"https:\/\/areabadalona.com\/diario\/wp-json\/wp\/v2\/types\/post"}],"author":[{"embeddable":true,"href":"https:\/\/areabadalona.com\/diario\/wp-json\/wp\/v2\/users\/2"}],"replies":[{"embeddable":true,"href":"https:\/\/areabadalona.com\/diario\/wp-json\/wp\/v2\/comments?post=3065"}],"version-history":[{"count":1,"href":"https:\/\/areabadalona.com\/diario\/wp-json\/wp\/v2\/posts\/3065\/revisions"}],"predecessor-version":[{"id":3067,"href":"https:\/\/areabadalona.com\/diario\/wp-json\/wp\/v2\/posts\/3065\/revisions\/3067"}],"wp:featuredmedia":[{"embeddable":true,"href":"https:\/\/areabadalona.com\/diario\/wp-json\/wp\/v2\/media\/3066"}],"wp:attachment":[{"href":"https:\/\/areabadalona.com\/diario\/wp-json\/wp\/v2\/media?parent=3065"}],"wp:term":[{"taxonomy":"category","embeddable":true,"href":"https:\/\/areabadalona.com\/diario\/wp-json\/wp\/v2\/categories?post=3065"},{"taxonomy":"post_tag","embeddable":true,"href":"https:\/\/areabadalona.com\/diario\/wp-json\/wp\/v2\/tags?post=3065"}],"curies":[{"name":"wp","href":"https:\/\/api.w.org\/{rel}","templated":true}]}}