{"id":3062,"date":"2022-02-08T19:39:00","date_gmt":"2022-02-08T19:39:00","guid":{"rendered":"http:\/\/areabadalona.com\/diario\/?p=3062"},"modified":"2022-02-09T10:40:18","modified_gmt":"2022-02-09T10:40:18","slug":"lajuntament-de-badalona-proposa-construir-un-parc-infantil-en-lesplanada-situada-davant-de-linstitut-escola-llibertat","status":"publish","type":"post","link":"https:\/\/areabadalona.com\/diario\/2022\/02\/08\/lajuntament-de-badalona-proposa-construir-un-parc-infantil-en-lesplanada-situada-davant-de-linstitut-escola-llibertat\/","title":{"rendered":"L\u2019Ajuntament de Badalona proposa construir un parc infantil en  l\u2019esplanada situada davant de l\u2019Institut Escola Llibertat\u00a0"},"content":{"rendered":"\n<p>L\u2019alcalde de Badalona, Rub\u00e9n Guijarro, la segona tinenta d\u2019Alcaldia i regidora de l\u2019\u00c0mbit d\u2019Educaci\u00f3, Feminismes i LGTBIQ+, Ciutadania, Participaci\u00f3 i Agenda 2030, A\u00efda Llaurad\u00f3, i la regidora de l&#8217;\u00c0rea de Medi Ambient i Sostenibilitat, Rosa Trenado, s\u2019han reunit aquest dimarts a la tarda amb les Associacions de Fam\u00edlies d\u2019Alumnes (AFA) de l\u2019Insititut Escola Llibertat i de l\u2019Escola Joan Llongueras i amb representants de l\u2019Associaci\u00f3 de Ve\u00efns de Sant Crist per mostrar el comprom\u00eds del Govern municipal amb la construcci\u00f3 d\u2019un parc infantil en l\u2019esplanada que hi ha situada al costat dels dos centres educatius, tocant a l\u2019avinguda de Puigfred. L\u2019execuci\u00f3 d\u2019aquest projecte garantida per una partida de 300.000 euros inclosa en la proposta de pressupost que es portar\u00e0 al Ple en les pr\u00f2ximes setmanes. &nbsp;<\/p>\n\n\n\n<p>Amb aquesta actuaci\u00f3, que dona resposta a una petici\u00f3 reiterada de les fam\u00edlies de les escoles, es vol dotar d\u2019un espai d\u2019esbarjo infantil equipat parc davant dels centres i, a la vegada, evitar que l\u2019indret es degradi per un \u00fas inadequat. A m\u00e9s, des de l\u2019Ajuntament s\u2019han previst mesures per prevenir el vandalisme en la zona com l\u2019ampliaci\u00f3 de les tanques de les escoles, ja que actualment s\u00f3n molt baixes i aix\u00f2 ha perm\u00e8s que en algunes ocasions s\u2019hagin produ\u00eft destrosses en el mobiliari a l&#8217;escola.&nbsp;<\/p>\n\n\n\n<p>L\u2019alcalde de Badalona, Rub\u00e9n Guijarro, ha explicat que \u201cel Govern municipal implementar\u00e0 una partida de 300.000 euros perqu\u00e8 aquest espai de jocs infantils i esportius, reivindicat des de fa anys pels ve\u00efns i la comunitat educativa, sigui aviat una realitat\u201d. \u201cPer tal que aquest nou parc sigui possible\u201d, ha concl\u00f2s l\u2019alcalde, \u201c\u00e9s imprescindible l\u2019aprovaci\u00f3 dels pressupostos\u201d.&nbsp;<\/p>\n\n\n\n<p>La segona tinent d\u2019Alcaldia i regidora d\u2019Educaci\u00f3, A\u00efda Llaurad\u00f3, ha manifestat que \u00ab\u00e9s important que l\u2019entorn escolar sigui un espai agradable i l\u00fadic per als infants, les fam\u00edlies i els joves i el nou parc facilitar\u00e0 aquesta sensaci\u00f3 i desincentivar\u00e0 que algunes persones entrin a les instal\u2022lacions escolars i les malmetin\u00bb. Llaurad\u00f3 ha lamentat les accions inc\u00edviques que pateixen les dues escoles i ha assegurat que \u00abes treballar\u00e0 per augmentar les mesures de seguretat d\u2019aquests dos centres\u00bb.&nbsp;<\/p>\n","protected":false},"excerpt":{"rendered":"<p>L\u2019alcalde de Badalona, Rub\u00e9n Guijarro, la segona tinenta d\u2019Alcaldia i regidora de l\u2019\u00c0mbit d\u2019Educaci\u00f3, Feminismes i LGTBIQ+, Ciutadania, Participaci\u00f3 i Agenda 2030, A\u00efda Llaurad\u00f3, i la regidora de l&#8217;\u00c0rea de Medi Ambient i Sostenibilitat, Rosa Trenado, s\u2019han reunit aquest dimarts a la tarda amb les Associacions de Fam\u00edlies d\u2019Alumnes (AFA) de l\u2019Insititut Escola Llibertat i [&hellip;]<\/p>\n","protected":false},"author":2,"featured_media":3063,"comment_status":"open","ping_status":"open","sticky":false,"template":"","format":"standard","meta":{"footnotes":""},"categories":[23,24],"tags":[],"class_list":{"0":"post-3062","1":"post","2":"type-post","3":"status-publish","4":"format-standard","5":"has-post-thumbnail","7":"category-actualitat","8":"category-societat"},"_links":{"self":[{"href":"https:\/\/areabadalona.com\/diario\/wp-json\/wp\/v2\/posts\/3062","targetHints":{"allow":["GET"]}}],"collection":[{"href":"https:\/\/areabadalona.com\/diario\/wp-json\/wp\/v2\/posts"}],"about":[{"href":"https:\/\/areabadalona.com\/diario\/wp-json\/wp\/v2\/types\/post"}],"author":[{"embeddable":true,"href":"https:\/\/areabadalona.com\/diario\/wp-json\/wp\/v2\/users\/2"}],"replies":[{"embeddable":true,"href":"https:\/\/areabadalona.com\/diario\/wp-json\/wp\/v2\/comments?post=3062"}],"version-history":[{"count":1,"href":"https:\/\/areabadalona.com\/diario\/wp-json\/wp\/v2\/posts\/3062\/revisions"}],"predecessor-version":[{"id":3064,"href":"https:\/\/areabadalona.com\/diario\/wp-json\/wp\/v2\/posts\/3062\/revisions\/3064"}],"wp:featuredmedia":[{"embeddable":true,"href":"https:\/\/areabadalona.com\/diario\/wp-json\/wp\/v2\/media\/3063"}],"wp:attachment":[{"href":"https:\/\/areabadalona.com\/diario\/wp-json\/wp\/v2\/media?parent=3062"}],"wp:term":[{"taxonomy":"category","embeddable":true,"href":"https:\/\/areabadalona.com\/diario\/wp-json\/wp\/v2\/categories?post=3062"},{"taxonomy":"post_tag","embeddable":true,"href":"https:\/\/areabadalona.com\/diario\/wp-json\/wp\/v2\/tags?post=3062"}],"curies":[{"name":"wp","href":"https:\/\/api.w.org\/{rel}","templated":true}]}}