{"id":3059,"date":"2022-02-08T14:38:00","date_gmt":"2022-02-08T14:38:00","guid":{"rendered":"http:\/\/areabadalona.com\/diario\/?p=3059"},"modified":"2022-02-09T09:50:57","modified_gmt":"2022-02-09T09:50:57","slug":"la-guardia-urbana-de-badalona-posa-en-marxa-una-campanya-de-control-de-lus-dels-vehicles-de-mobilitat-personal-com-els-patinets-electrics","status":"publish","type":"post","link":"https:\/\/areabadalona.com\/diario\/2022\/02\/08\/la-guardia-urbana-de-badalona-posa-en-marxa-una-campanya-de-control-de-lus-dels-vehicles-de-mobilitat-personal-com-els-patinets-electrics\/","title":{"rendered":"La Gu\u00e0rdia Urbana de Badalona posa en marxa una campanya de  control de l\u2019\u00fas dels vehicles de mobilitat personal, com els patinets  el\u00e8ctrics\u00a0"},"content":{"rendered":"\n<p>La Gu\u00e0rdia Urbana intensifica des d\u2019aquest dimarts la vigil\u00e0ncia de l\u2019\u00fas a la ciutat dels vehicles de mobilitat personal, com els patinets el\u00e8ctrics. S\u2019ha posat en marxa una campanya de control amb l\u2019objectiu de conscienciar els usuaris de la necessitat de fer un \u00fas responsable d\u2019aquest mitj\u00e0 de transport i de les conseq\u00fc\u00e8ncies de l\u2019incompliment de la normativa establerta.&nbsp;<\/p>\n\n\n\n<p>Recordem que els vehicles de mobilitat personal tenen prohibit, entre altres, circular per les voreres i zones de vianants. Els seus conductors no poden usar cascos o auriculars connectats a aparells receptors o reproductors de so ni fer servir tel\u00e8fons m\u00f2bils. No poden superar els 25 km\/hora i alguns dels vehicles han d\u2019estar assegurats depenent del model. Tamb\u00e9 tenen l\u2019obligaci\u00f3 de portar enllumenat o peces reflectants.&nbsp;<\/p>\n\n\n\n<p>La campanya t\u00e9 un car\u00e0cter preventiu, informatiu i tamb\u00e9 d\u2019aplicaci\u00f3 de la normativa establerta en mat\u00e8ria de circulaci\u00f3 que preveu sancions d\u2019entre 80 i 200 euros depenent de la infracci\u00f3 comesa. Els conductors de vehicles de mobilitat personal tamb\u00e9 estan obligats a sotmetre\u2019s a les proves per a la detecci\u00f3 de les taxes d\u2019alcohol\u00e8mia i de pres\u00e8ncia de drogues. En aquest cas i en funci\u00f3 del resultat, la sanci\u00f3 pot arribar a un import de 1.000 euros.&nbsp;<\/p>\n\n\n\n<p>La Gu\u00e0rdia Urbana, en el marc de les seves compet\u00e8ncies de control i vigil\u00e0ncia del tr\u00e0nsit a les vies urbanes, realitzar\u00e0 controls aleatoris per tota la ciutat durant els pr\u00f2xims dies i en tots els torns de servei. Els controls aniran a c\u00e0rrec preferentment de la Unitat de Mobilitat i de la Divisi\u00f3 de Proximitat. Alhora, els agents que patrullen di\u00e0riament per la ciutat tamb\u00e9 prestaran la m\u00e0xima atenci\u00f3 durant la campanya que avui ha comen\u00e7at. Aquest dimarts el punt de control s\u2019ha situat al carrer de Francesc Layret, a l\u2019al\u00e7ada del carrer Jaume Borr\u00e0s. &nbsp;<\/p>\n\n\n\n<p>El regidor de Govern i Seguretat Ciutadana, Christian Carneado, ha explicat que la campanya t\u00e9 com a finalitat conscienciar la ciutadania, vigilar el comportament en la conducci\u00f3 i el compliment de la normativa i denunciar les infraccions que es detectin. \u201c\u00c9s important dur a terme campanyes de control d\u2019aquest tipus, per\u00f2 encara tenim una assignatura pendent, ja que l\u2019Ajuntament de Badalona no disposa d\u2019una ordenan\u00e7a pr\u00f2pia que reguli els criteris de circulaci\u00f3 dels vehicles de mobilitat personal. Estem treballant perqu\u00e8 aquesta ordenan\u00e7a sigui una realitat en els pr\u00f2xims mesos\u201d, ha afirmat el regidor.&nbsp;<\/p>\n","protected":false},"excerpt":{"rendered":"<p>La Gu\u00e0rdia Urbana intensifica des d\u2019aquest dimarts la vigil\u00e0ncia de l\u2019\u00fas a la ciutat dels vehicles de mobilitat personal, com els patinets el\u00e8ctrics. S\u2019ha posat en marxa una campanya de control amb l\u2019objectiu de conscienciar els usuaris de la necessitat de fer un \u00fas responsable d\u2019aquest mitj\u00e0 de transport i de les conseq\u00fc\u00e8ncies de l\u2019incompliment [&hellip;]<\/p>\n","protected":false},"author":2,"featured_media":3060,"comment_status":"open","ping_status":"open","sticky":false,"template":"","format":"standard","meta":{"footnotes":""},"categories":[23,24],"tags":[],"class_list":{"0":"post-3059","1":"post","2":"type-post","3":"status-publish","4":"format-standard","5":"has-post-thumbnail","7":"category-actualitat","8":"category-societat"},"_links":{"self":[{"href":"https:\/\/areabadalona.com\/diario\/wp-json\/wp\/v2\/posts\/3059","targetHints":{"allow":["GET"]}}],"collection":[{"href":"https:\/\/areabadalona.com\/diario\/wp-json\/wp\/v2\/posts"}],"about":[{"href":"https:\/\/areabadalona.com\/diario\/wp-json\/wp\/v2\/types\/post"}],"author":[{"embeddable":true,"href":"https:\/\/areabadalona.com\/diario\/wp-json\/wp\/v2\/users\/2"}],"replies":[{"embeddable":true,"href":"https:\/\/areabadalona.com\/diario\/wp-json\/wp\/v2\/comments?post=3059"}],"version-history":[{"count":1,"href":"https:\/\/areabadalona.com\/diario\/wp-json\/wp\/v2\/posts\/3059\/revisions"}],"predecessor-version":[{"id":3061,"href":"https:\/\/areabadalona.com\/diario\/wp-json\/wp\/v2\/posts\/3059\/revisions\/3061"}],"wp:featuredmedia":[{"embeddable":true,"href":"https:\/\/areabadalona.com\/diario\/wp-json\/wp\/v2\/media\/3060"}],"wp:attachment":[{"href":"https:\/\/areabadalona.com\/diario\/wp-json\/wp\/v2\/media?parent=3059"}],"wp:term":[{"taxonomy":"category","embeddable":true,"href":"https:\/\/areabadalona.com\/diario\/wp-json\/wp\/v2\/categories?post=3059"},{"taxonomy":"post_tag","embeddable":true,"href":"https:\/\/areabadalona.com\/diario\/wp-json\/wp\/v2\/tags?post=3059"}],"curies":[{"name":"wp","href":"https:\/\/api.w.org\/{rel}","templated":true}]}}