{"id":3056,"date":"2022-02-08T12:13:18","date_gmt":"2022-02-08T12:13:18","guid":{"rendered":"http:\/\/areabadalona.com\/diario\/?p=3056"},"modified":"2022-02-08T12:13:19","modified_gmt":"2022-02-08T12:13:19","slug":"la-campanya-doli-a-la-pica-ni-mica-impulsada-per-lajuntament-de-badalona-ha-estat-escollida-per-representar-a-catalunya-al-premi-europeu-de-la-prevencio-de-resi","status":"publish","type":"post","link":"https:\/\/areabadalona.com\/diario\/2022\/02\/08\/la-campanya-doli-a-la-pica-ni-mica-impulsada-per-lajuntament-de-badalona-ha-estat-escollida-per-representar-a-catalunya-al-premi-europeu-de-la-prevencio-de-resi\/","title":{"rendered":"La campanya \u201cD\u2019oli a la pica, ni mica!\u201d impulsada per l\u2019Ajuntament  de Badalona ha estat escollida per representar a Catalunya al Premi Europeu de  la Prevenci\u00f3 de Residus\u00a0"},"content":{"rendered":"\n<p>La campanya impulsada per l\u2019Ajuntament de Badalona \u201cD\u2019oli a la pica, ni mica!\u201d, que t\u00e9 per objectiu incentivar la recollida selectiva de l\u2019oli que es fa servir per cuinar, ha estat seleccionada per representar a Catalunya a la XIII edici\u00f3 del Premi Europeu de la Prevenci\u00f3 de Residus. La iniciativa compta amb la col\u00b7laboraci\u00f3 i lideratge del grup de restauradors de la ciutat Forquilla Badalona&nbsp;<\/p>\n\n\n\n<p>Aquest premi s\u2019atorga cada any a les millors iniciatives realitzades en el marc de la Setmana Europea de la Prevenci\u00f3 de Residus, que en aquesta passada edici\u00f3 es va dur a terme en trenta-vuit regions i durant la qual es van organitzar 12.489 activitats. Enguany, l\u2019Ag\u00e8ncia de Residus de Catalunya ha seleccionat l\u2019Ajuntament de Badalona com a nominat catal\u00e0 a la categoria \u201cAdministracions\u201d per la seva campanya \u201cD\u2019oli a la pica, ni mica!\u201d.&nbsp;<\/p>\n\n\n\n<p>La selecci\u00f3 dels nominats s\u2019ha fet tenint en compte la relaci\u00f3 del projecte amb els eixos de la XIII Setmana Europea de la Prevenci\u00f3 de Residus on, entre altres par\u00e0metres, s\u2019ha valorat l\u2019originalitat de la proposta, l\u2019adaptabilitat a altres contextos regionals i la mobilitzaci\u00f3 del p\u00fablic objectiu. El jurat internacional del Premi Europeu de Prevenci\u00f3 de Residus avaluar\u00e0 les candidatures que es presentin i el veredicte final del jurat es far\u00e0 p\u00fablic a finals de maig a Brussel\u00b7les.&nbsp;<\/p>\n\n\n\n<p>La campanya \u201cD\u2019oli a la pica, ni mica!\u201d pret\u00e9n facilitar la recollida selectiva de l\u2019oli que els ciutadans fan servir per cuinar i que, si no \u00e9s reciclat correctament, pot ocasionar greus problemes tant pels ecosistemes aqu\u00e0tics com per la xarxa de clavegueram. &nbsp;<\/p>\n\n\n\n<p>L\u2019objectiu de la campanya \u00e9s sensibilitzar a la poblaci\u00f3 sobre aquesta problem\u00e0tica ambiental, alhora que s\u2019amplia la xarxa de punts de recollida existents i el seu horari amb la col\u00b7laboraci\u00f3 dels establiments de restauraci\u00f3. Com a part de la campanya l\u2019Ajuntament regala uns embuts que s\u2019adapten a la rosca de la majoria d\u2019ampolles, facilitant aix\u00ed la recollida de l\u2019oli dom\u00e8stic usat.&nbsp;<\/p>\n\n\n\n<p>Tots els locals adherits a la campanya, estan degudament identificats amb un cartell a l\u2019entrada i disposen de fulls informatius i embuts per repartir als ciutadans. A m\u00e9s, aquelles persones que portin el seu oli fet servir als restaurants rebran d&#8217;obsequi (fins a esgotar exist\u00e8ncies) una pastilla de sab\u00f3 feta amb oli reciclat i elaborada artesanalment a la Fundaci\u00f3 DM Sant Josep de Pomar per persones en risc d\u2019exclusi\u00f3 social, posant aix\u00ed de manifest el potencial d&#8217;economia i comunitat circular de la ciutat.&nbsp;<\/p>\n\n\n\n<p>La campanya compta, de moment, amb l\u2019adhesi\u00f3 de trenta-dos restaurants de Forquilla Badalona i es fa una crida a altres establiments perqu\u00e8 s\u2019adhereixin tamb\u00e9 a la campanya. En una primera valoraci\u00f3 amb una mostra de vint-i-tres restaurants, s\u2019ha estimat que, en un mes, s&#8217;havien recollit 200 litres d&#8217;oli usat i s\u2019espera que vagi augmentant a mesura que s\u2019ampli\u00ef la xarxa i la ciutadania conegui la iniciativa.&nbsp;<\/p>\n\n\n\n<p>L\u2019alcalde de Badalona, Rub\u00e9n Guijarro, i la regidora de l\u2019\u00c0rea de Medi Ambient i Sostenibilitat, Rosa Trenado, s\u2019han reunit aquest dimarts al mat\u00ed amb representants de Forquilla Badalona per explicar-los que la campanya ha estat seleccionada per representar a Catalunya a la XIII edici\u00f3 del Premi Europeu de la Prevenci\u00f3 de Residus i per agrair la seva feina imprescindible per impulsar la iniciativa.&nbsp;<\/p>\n\n\n\n<p>La regidora de l\u2019\u00c0rea de Medi Ambient i Sostenibilitat, Rosa Trenado, afirma que \u201c\u00e9s un orgull per a Badalona haver estat escollida per optar a aquest premi europeu que vetlla pel medi ambient i la bona gesti\u00f3 dels residus\u201d. A m\u00e9s ha volgut agrair al grup de restauradors Forquilla Badalona \u201cel seu lideratge i col\u00b7laboraci\u00f3, i recon\u00e8ixer-los com a protagonistes de la campanya\u201d. Trenado ha remarcat tamb\u00e9 que \u201dBadalona ha demostrat que avan\u00e7a cap a una societat sensibilitzada mediambientalment i amb ganes de lluitar per conservar el planeta\u201d. Segons la regidora \u201cdes de l&#8217;\u00c0rea de Medi Ambient continuarem treballant en iniciatives que vagin en aquesta mateixa direcci\u00f3, per lluitar contra la crisi clim\u00e0tica amb totes les eines que tinguem a la nostra disposici\u00f3 i involucrant a la ciutadania de manera proactiva\u201d.&nbsp;<\/p>\n","protected":false},"excerpt":{"rendered":"<p>La campanya impulsada per l\u2019Ajuntament de Badalona \u201cD\u2019oli a la pica, ni mica!\u201d, que t\u00e9 per objectiu incentivar la recollida selectiva de l\u2019oli que es fa servir per cuinar, ha estat seleccionada per representar a Catalunya a la XIII edici\u00f3 del Premi Europeu de la Prevenci\u00f3 de Residus. La iniciativa compta amb la col\u00b7laboraci\u00f3 i [&hellip;]<\/p>\n","protected":false},"author":2,"featured_media":3057,"comment_status":"open","ping_status":"open","sticky":false,"template":"","format":"standard","meta":{"footnotes":""},"categories":[23],"tags":[],"class_list":{"0":"post-3056","1":"post","2":"type-post","3":"status-publish","4":"format-standard","5":"has-post-thumbnail","7":"category-actualitat"},"_links":{"self":[{"href":"https:\/\/areabadalona.com\/diario\/wp-json\/wp\/v2\/posts\/3056","targetHints":{"allow":["GET"]}}],"collection":[{"href":"https:\/\/areabadalona.com\/diario\/wp-json\/wp\/v2\/posts"}],"about":[{"href":"https:\/\/areabadalona.com\/diario\/wp-json\/wp\/v2\/types\/post"}],"author":[{"embeddable":true,"href":"https:\/\/areabadalona.com\/diario\/wp-json\/wp\/v2\/users\/2"}],"replies":[{"embeddable":true,"href":"https:\/\/areabadalona.com\/diario\/wp-json\/wp\/v2\/comments?post=3056"}],"version-history":[{"count":1,"href":"https:\/\/areabadalona.com\/diario\/wp-json\/wp\/v2\/posts\/3056\/revisions"}],"predecessor-version":[{"id":3058,"href":"https:\/\/areabadalona.com\/diario\/wp-json\/wp\/v2\/posts\/3056\/revisions\/3058"}],"wp:featuredmedia":[{"embeddable":true,"href":"https:\/\/areabadalona.com\/diario\/wp-json\/wp\/v2\/media\/3057"}],"wp:attachment":[{"href":"https:\/\/areabadalona.com\/diario\/wp-json\/wp\/v2\/media?parent=3056"}],"wp:term":[{"taxonomy":"category","embeddable":true,"href":"https:\/\/areabadalona.com\/diario\/wp-json\/wp\/v2\/categories?post=3056"},{"taxonomy":"post_tag","embeddable":true,"href":"https:\/\/areabadalona.com\/diario\/wp-json\/wp\/v2\/tags?post=3056"}],"curies":[{"name":"wp","href":"https:\/\/api.w.org\/{rel}","templated":true}]}}