{"id":3053,"date":"2022-02-07T16:06:00","date_gmt":"2022-02-07T16:06:00","guid":{"rendered":"http:\/\/areabadalona.com\/diario\/?p=3053"},"modified":"2022-02-08T11:10:09","modified_gmt":"2022-02-08T11:10:09","slug":"lalcalde-ruben-guijarro-es-reuneix-amb-la-federacio-dempresaris-de-badalona-per-presentar-la-proposta-de-pressupost-municipal","status":"publish","type":"post","link":"https:\/\/areabadalona.com\/diario\/2022\/02\/07\/lalcalde-ruben-guijarro-es-reuneix-amb-la-federacio-dempresaris-de-badalona-per-presentar-la-proposta-de-pressupost-municipal\/","title":{"rendered":"L\u2019alcalde Rub\u00e9n Guijarro es reuneix amb la Federaci\u00f3 d\u2019Empresaris  de Badalona per presentar la proposta de pressupost municipal\u00a0"},"content":{"rendered":"\n<p>L\u2019alcalde de Badalona, Rub\u00e9n Guijarro, i el primer tinent d&#8217;alcalde i regidor de l&#8217;\u00c0mbit d&#8217;Impuls de Ciutat i Reconstrucci\u00f3 COVID, \u00c0lex Montorn\u00e8s, s\u2019han reunit aquest dilluns al mat\u00ed amb representants de la Federaci\u00f3 d\u2019Empresaris de Badalona&nbsp; (FEB) per presentar-los el pressupost municipal que es portar\u00e0 a aprovaci\u00f3 i recollir les seves opinions i suggeriments sobre la proposta. Durant la reuni\u00f3, que ha tingut lloc al Badalona Centre Internacional de Negocis (BCIN), l\u2019alcalde ha explicat que els comptes que s\u2019han preparat inclouen partides de cinc milions d\u2019euros de promoci\u00f3 econ\u00f2mica que permetran enfortir el teixit empresarial de la ciutat i millorar l\u2019ocupaci\u00f3. D\u2019aquestes partides, al voltant de tres milions d\u2019euros es destinaran a la millora i actualitzaci\u00f3 dels pol\u00edgons industrials de la ciutat, un mili\u00f3 s\u2019invertir\u00e0 en el foment de les contractacions i es reserva un mili\u00f3 m\u00e9s per destinar-lo a la millora del sector tur\u00edstic a la ciutat i la gesti\u00f3 i funcionament del BCIN.&nbsp;<\/p>\n\n\n\n<p>La trobada d\u2019aquest mat\u00ed s\u2019emmarca en una s\u00e8rie de reunions que l\u2019alcalde i els regidors del Govern municipal estant mantenint durant aquests dies amb diferents agents econ\u00f2mics i socials de la ciutat per donar a con\u00e8ixer els comptes que es portaran al Ple i escoltar les seves propostes. &nbsp;<\/p>\n\n\n\n<p>Despr\u00e9s de la reuni\u00f3 l\u2019alcalde Rub\u00e9n Guijarro ha explicat que \u201camb aquesta trobada vol\u00edem donar a con\u00e8ixer a la FEB els pressupostos que han de permetre reactivar el teixit econ\u00f2mic de la ciutat i a la vegada millorar la col\u00b7laboraci\u00f3 entre la instituci\u00f3 i la Federaci\u00f3&nbsp; per treballar conjuntament en el desenvolupament de projectes que impulsin la nostra ciutat\u201d. Guijarro ha destacat que \u201cdespr\u00e9s de dos anys de crisi sanit\u00e0ria, la crisi tamb\u00e9 \u00e9s social i econ\u00f2mica, fet que fa imprescindible que aquests pressupostos tirin endavant per iniciar la recuperaci\u00f3 i millorar la vida dels ve\u00efns i ve\u00efnes de Badalona\u201d.&nbsp;<\/p>\n\n\n\n<p>Per la seva part, V\u00edctor Betr\u00e1n, secretari general de la Federaci\u00f3 d\u2019Empresaris de Badalona, ha agra\u00eft \u201cque l\u2019Ajuntament ens hagi presentat la proposta de pressupost i haver pogut traslladar els nostres suggeriments per millorar la relaci\u00f3 entre la nostra organitzaci\u00f3 i el consistori\u201d. \u201cEstem satisfets amb la proposta i creiem que \u00e9s molt necessari que en la situaci\u00f3 actual els comptes tirin endavant\u201d, ha assegurat Betr\u00e1n. &nbsp;&nbsp;<\/p>\n","protected":false},"excerpt":{"rendered":"<p>L\u2019alcalde de Badalona, Rub\u00e9n Guijarro, i el primer tinent d&#8217;alcalde i regidor de l&#8217;\u00c0mbit d&#8217;Impuls de Ciutat i Reconstrucci\u00f3 COVID, \u00c0lex Montorn\u00e8s, s\u2019han reunit aquest dilluns al mat\u00ed amb representants de la Federaci\u00f3 d\u2019Empresaris de Badalona&nbsp; (FEB) per presentar-los el pressupost municipal que es portar\u00e0 a aprovaci\u00f3 i recollir les seves opinions i suggeriments sobre [&hellip;]<\/p>\n","protected":false},"author":2,"featured_media":3054,"comment_status":"open","ping_status":"open","sticky":false,"template":"","format":"standard","meta":{"footnotes":""},"categories":[23,24],"tags":[],"class_list":{"0":"post-3053","1":"post","2":"type-post","3":"status-publish","4":"format-standard","5":"has-post-thumbnail","7":"category-actualitat","8":"category-societat"},"_links":{"self":[{"href":"https:\/\/areabadalona.com\/diario\/wp-json\/wp\/v2\/posts\/3053","targetHints":{"allow":["GET"]}}],"collection":[{"href":"https:\/\/areabadalona.com\/diario\/wp-json\/wp\/v2\/posts"}],"about":[{"href":"https:\/\/areabadalona.com\/diario\/wp-json\/wp\/v2\/types\/post"}],"author":[{"embeddable":true,"href":"https:\/\/areabadalona.com\/diario\/wp-json\/wp\/v2\/users\/2"}],"replies":[{"embeddable":true,"href":"https:\/\/areabadalona.com\/diario\/wp-json\/wp\/v2\/comments?post=3053"}],"version-history":[{"count":1,"href":"https:\/\/areabadalona.com\/diario\/wp-json\/wp\/v2\/posts\/3053\/revisions"}],"predecessor-version":[{"id":3055,"href":"https:\/\/areabadalona.com\/diario\/wp-json\/wp\/v2\/posts\/3053\/revisions\/3055"}],"wp:featuredmedia":[{"embeddable":true,"href":"https:\/\/areabadalona.com\/diario\/wp-json\/wp\/v2\/media\/3054"}],"wp:attachment":[{"href":"https:\/\/areabadalona.com\/diario\/wp-json\/wp\/v2\/media?parent=3053"}],"wp:term":[{"taxonomy":"category","embeddable":true,"href":"https:\/\/areabadalona.com\/diario\/wp-json\/wp\/v2\/categories?post=3053"},{"taxonomy":"post_tag","embeddable":true,"href":"https:\/\/areabadalona.com\/diario\/wp-json\/wp\/v2\/tags?post=3053"}],"curies":[{"name":"wp","href":"https:\/\/api.w.org\/{rel}","templated":true}]}}