{"id":3050,"date":"2022-02-07T17:01:00","date_gmt":"2022-02-07T17:01:00","guid":{"rendered":"http:\/\/areabadalona.com\/diario\/?p=3050"},"modified":"2022-02-08T11:02:16","modified_gmt":"2022-02-08T11:02:16","slug":"lajuntament-i-el-club-joventut-badalona-renoven-el-contracte-de-patrocini-durant-quatre-anys-mes","status":"publish","type":"post","link":"https:\/\/areabadalona.com\/diario\/2022\/02\/07\/lajuntament-i-el-club-joventut-badalona-renoven-el-contracte-de-patrocini-durant-quatre-anys-mes\/","title":{"rendered":"L\u2019Ajuntament i el Club Joventut Badalona renoven el contracte de  patrocini durant quatre anys m\u00e9s\u00a0"},"content":{"rendered":"\n<p>La pista central del Palau Municipal d\u2019Esports ha acollit aquest dilluns 7 de febrer l\u2019acte de presentaci\u00f3 del nou contracte de patrocini de l\u2019Ajuntament i el Club Joventut Badalona. L\u2019alcalde de Badalona, Rub\u00e9n Guijarro, i el president del club de b\u00e0squet, Juan Antonio Morales, han donat a con\u00e8ixer els detalls d\u2019aquest nou contracte de patrocini que t\u00e9 una vig\u00e8ncia de quatre anys i un import de 5.808.000 euros (IVA incl\u00f2s). L\u2019acte ha comptat tamb\u00e9 amb la pres\u00e8ncia a la pista dels jugadors que integren el primer equip de la Penya i del seu entrenador, Carles Duran, aix\u00ed com del regidor d\u2019Esports en funcions, Jordi Subirana.&nbsp;<\/p>\n\n\n\n<p>Aquest \u00e9s el segon contracte de patrocini que signen l\u2019Ajuntament i el Club Joventut Badalona. El primer va entrar en vigor l\u2019any 2017 i va tenir tamb\u00e9 una vig\u00e8ncia de quatre anys. L\u2019import econ\u00f2mic anual del patrocini es mant\u00e9 en els mateixos termes que el contracte anterior: 1.452.000 euros (IVA incl\u00f2s).&nbsp;<\/p>\n\n\n\n<p>Amb la signatura d\u2019aquest nou contracte, el Club Joventut Badalona seguir\u00e0 lluint la marca \u201cBadalona \u00e9s futur\u201d en la samarreta del primer equip i en altres suports de difusi\u00f3 del club de b\u00e0squet com el web, les xarxes socials, la publicitat est\u00e0tica i lluminosa del Palau Municipal d\u2019Esports, la sala de premsa, el videomarcador, etc.<\/p>\n\n\n\n<p>L\u2019objectiu del contracte de patrocini \u00e9s seguir donant suport al Club Joventut Badalona, fer difusi\u00f3 de l\u2019esport del b\u00e0squet i dels valors associats a la seva pr\u00e0ctica i publicitar la marca \u201cBadalona \u00e9s futur\u201d, potenciant la imatge d\u2019aquesta ciutat com un municipi que dona suport a l\u2019esport i a la seva promoci\u00f3. A la vegada es vol incrementar la reputaci\u00f3, notorietat social i imatge p\u00fablica de Badalona.&nbsp;<\/p>\n\n\n\n<p>L\u2019alcalde de Badalona, Rub\u00e9n Gujarro, ha mostrat la seva satisfacci\u00f3 per la renovaci\u00f3 durant 4 anys m\u00e9s del contracte de patrocini amb el Club Joventut Badalona perqu\u00e8: \u201cla Penya \u00e9s el principal ambaixador que t\u00e9 la ciutat i prorrogar aquesta simbiosi entre el club i Badalona \u00e9s una gran not\u00edcia per a tothom\u201d. L\u2019alcalde ha afegit que: \u201cEstem molt satisfets d\u2019haver renovat el patrocini amb les mateixes condicions que l\u2019anterior contracte perqu\u00e8 els estudis d\u2019impacte ens indiquen que el retorn econ\u00f2mic per a la ciutat \u00e9s el doble de la inversi\u00f3 realitzada\u201d.&nbsp;<\/p>\n\n\n\n<p>El president del Club Joventut Badalona, Juan Antonio Morales, ha valorat la renovaci\u00f3 tot remarcant que: \u201cLa imatge de la ciutat ha estat molt dignament representada pel Joventut. Som la instituci\u00f3 amb m\u00e9s repercussi\u00f3 p\u00fablica i ens identifiquem plenament amb l\u2019esl\u00f2gan de Badalona \u00e9s futur, amb aquest objectiu principal de projectar una imatge positiva de la ciutat\u201d. El president de la Penya ha concl\u00f2s assenyalant que \u201cel Club Joventut Badalona sempre ser\u00e0 una eina m\u00e9s al servei de la ciutat\u201d.&nbsp;<\/p>\n\n\n\n<p>Cal recordar que \u201cBadalona \u00e9s futur\u201d \u00e9s la mateixa marca que l\u2019Ajuntament de Badalona tamb\u00e9 promociona des de l\u2019any 2019, mitjan\u00e7ant altres contractes de patrocini, a trav\u00e9s de l\u2019altra gran entitat esportiva de la ciutat, en aquest cas de futbol, el Club de Futbol Badalona.&nbsp;<\/p>\n","protected":false},"excerpt":{"rendered":"<p>La pista central del Palau Municipal d\u2019Esports ha acollit aquest dilluns 7 de febrer l\u2019acte de presentaci\u00f3 del nou contracte de patrocini de l\u2019Ajuntament i el Club Joventut Badalona. L\u2019alcalde de Badalona, Rub\u00e9n Guijarro, i el president del club de b\u00e0squet, Juan Antonio Morales, han donat a con\u00e8ixer els detalls d\u2019aquest nou contracte de patrocini [&hellip;]<\/p>\n","protected":false},"author":2,"featured_media":3051,"comment_status":"open","ping_status":"open","sticky":false,"template":"","format":"standard","meta":{"footnotes":""},"categories":[26],"tags":[],"class_list":{"0":"post-3050","1":"post","2":"type-post","3":"status-publish","4":"format-standard","5":"has-post-thumbnail","7":"category-esports"},"_links":{"self":[{"href":"https:\/\/areabadalona.com\/diario\/wp-json\/wp\/v2\/posts\/3050","targetHints":{"allow":["GET"]}}],"collection":[{"href":"https:\/\/areabadalona.com\/diario\/wp-json\/wp\/v2\/posts"}],"about":[{"href":"https:\/\/areabadalona.com\/diario\/wp-json\/wp\/v2\/types\/post"}],"author":[{"embeddable":true,"href":"https:\/\/areabadalona.com\/diario\/wp-json\/wp\/v2\/users\/2"}],"replies":[{"embeddable":true,"href":"https:\/\/areabadalona.com\/diario\/wp-json\/wp\/v2\/comments?post=3050"}],"version-history":[{"count":1,"href":"https:\/\/areabadalona.com\/diario\/wp-json\/wp\/v2\/posts\/3050\/revisions"}],"predecessor-version":[{"id":3052,"href":"https:\/\/areabadalona.com\/diario\/wp-json\/wp\/v2\/posts\/3050\/revisions\/3052"}],"wp:featuredmedia":[{"embeddable":true,"href":"https:\/\/areabadalona.com\/diario\/wp-json\/wp\/v2\/media\/3051"}],"wp:attachment":[{"href":"https:\/\/areabadalona.com\/diario\/wp-json\/wp\/v2\/media?parent=3050"}],"wp:term":[{"taxonomy":"category","embeddable":true,"href":"https:\/\/areabadalona.com\/diario\/wp-json\/wp\/v2\/categories?post=3050"},{"taxonomy":"post_tag","embeddable":true,"href":"https:\/\/areabadalona.com\/diario\/wp-json\/wp\/v2\/tags?post=3050"}],"curies":[{"name":"wp","href":"https:\/\/api.w.org\/{rel}","templated":true}]}}