{"id":3047,"date":"2022-02-07T09:52:00","date_gmt":"2022-02-07T09:52:00","guid":{"rendered":"http:\/\/areabadalona.com\/diario\/?p=3047"},"modified":"2022-02-08T10:17:07","modified_gmt":"2022-02-08T10:17:07","slug":"lhospital-de-lesperit-sant-estrena-un-nou-tac-dultima-generacio%ef%bf%bc","status":"publish","type":"post","link":"https:\/\/areabadalona.com\/diario\/2022\/02\/07\/lhospital-de-lesperit-sant-estrena-un-nou-tac-dultima-generacio%ef%bf%bc\/","title":{"rendered":"L\u2019Hospital de  l\u2019Esperit Sant estrena un nou TAC d\u2019\u00faltima generaci\u00f3\ufffc"},"content":{"rendered":"\n<p>El Servei de Diagn\u00f2stic per la Imatge de FHES estrena un nou TAC (tomografia computada) d\u2019\u00faltima generaci\u00f3, que permet fer estudis i exploracions molt m\u00e9s r\u00e0pides, amb la conseq\u00fcent disminuci\u00f3 d\u2019irradiaci\u00f3 al pacient, aix\u00ed com obtenir imatges de qualitat extraordin\u00e0ria.<\/p>\n\n\n\n<p>El TAC \u00e9s un tub de raigs X que gira al voltant del cos del pacient, i el nou aparell de l\u2019Hospital Esperit Sant est\u00e0 equipat amb l\u2019\u00faltima tecnologia desenvolupada per a aquests tipus d\u2019aparells. Amb el nou TAC d\u2019alta resoluci\u00f3 espacial s\u2019obtenen imatges d\u2019alta qualitat, per la qual cosa el diagn\u00f2stic de la patologia \u00e9s molt prec\u00eds.<\/p>\n\n\n\n<p>La TC \u00e9s especialment \u00fatil perqu\u00e8 mostra molt clarament diferents tipus de teixits \u2013pulmons, ossos, teixits tous i vasos sanguinis. Permet diagnosticar problemes com ara malalties vasculars, infeccions, traumatismes, trastorns musculoesquel\u00e8tics i c\u00e0ncer, aix\u00ed com fer-ne un seguiment i planificar el tipus de tractament m\u00e8dic o quir\u00fargic i la seva resposta.<\/p>\n\n\n\n<p>Aquesta substituci\u00f3 forma part del proc\u00e9s de renovaci\u00f3 d\u2019alguns equipaments tecnol\u00f2gics que ha posat en marxa la Fundaci\u00f3 Hospital de l\u2019Esperit Sant mitjan\u00e7ant el Programa espec\u00edfic de suport de la renovaci\u00f3 tecnol\u00f2gica (PERT).<\/p>\n\n\n\n<p>El 2021, el servei de Diagn\u00f2stic per la Imatge de l\u2019Hospital de de l\u2019Esperit Sant va fer un total de&nbsp; 101.018 exploracions diagn\u00f2stiques, la qual cosa \u00e9s un 20% m\u00e9s de les que es van realitzar durant el 2020. D\u2019aquestes proves, 10.589 s\u00f3n TACs, 46.930 corresponen a ecografies i 9. 627, mamografies.<\/p>\n","protected":false},"excerpt":{"rendered":"<p>El Servei de Diagn\u00f2stic per la Imatge de FHES estrena un nou TAC (tomografia computada) d\u2019\u00faltima generaci\u00f3, que permet fer estudis i exploracions molt m\u00e9s r\u00e0pides, amb la conseq\u00fcent disminuci\u00f3 d\u2019irradiaci\u00f3 al pacient, aix\u00ed com obtenir imatges de qualitat extraordin\u00e0ria. El TAC \u00e9s un tub de raigs X que gira al voltant del cos del [&hellip;]<\/p>\n","protected":false},"author":2,"featured_media":3048,"comment_status":"open","ping_status":"open","sticky":false,"template":"","format":"standard","meta":{"footnotes":""},"categories":[23],"tags":[],"class_list":{"0":"post-3047","1":"post","2":"type-post","3":"status-publish","4":"format-standard","5":"has-post-thumbnail","7":"category-actualitat"},"_links":{"self":[{"href":"https:\/\/areabadalona.com\/diario\/wp-json\/wp\/v2\/posts\/3047","targetHints":{"allow":["GET"]}}],"collection":[{"href":"https:\/\/areabadalona.com\/diario\/wp-json\/wp\/v2\/posts"}],"about":[{"href":"https:\/\/areabadalona.com\/diario\/wp-json\/wp\/v2\/types\/post"}],"author":[{"embeddable":true,"href":"https:\/\/areabadalona.com\/diario\/wp-json\/wp\/v2\/users\/2"}],"replies":[{"embeddable":true,"href":"https:\/\/areabadalona.com\/diario\/wp-json\/wp\/v2\/comments?post=3047"}],"version-history":[{"count":1,"href":"https:\/\/areabadalona.com\/diario\/wp-json\/wp\/v2\/posts\/3047\/revisions"}],"predecessor-version":[{"id":3049,"href":"https:\/\/areabadalona.com\/diario\/wp-json\/wp\/v2\/posts\/3047\/revisions\/3049"}],"wp:featuredmedia":[{"embeddable":true,"href":"https:\/\/areabadalona.com\/diario\/wp-json\/wp\/v2\/media\/3048"}],"wp:attachment":[{"href":"https:\/\/areabadalona.com\/diario\/wp-json\/wp\/v2\/media?parent=3047"}],"wp:term":[{"taxonomy":"category","embeddable":true,"href":"https:\/\/areabadalona.com\/diario\/wp-json\/wp\/v2\/categories?post=3047"},{"taxonomy":"post_tag","embeddable":true,"href":"https:\/\/areabadalona.com\/diario\/wp-json\/wp\/v2\/tags?post=3047"}],"curies":[{"name":"wp","href":"https:\/\/api.w.org\/{rel}","templated":true}]}}