{"id":3043,"date":"2022-02-05T11:22:00","date_gmt":"2022-02-05T11:22:00","guid":{"rendered":"http:\/\/areabadalona.com\/diario\/?p=3043"},"modified":"2022-02-07T11:24:06","modified_gmt":"2022-02-07T11:24:06","slug":"el-president-de-la-generalitat-visita-badalona-i-es-reuneix-amb-lalcalde-ruben-guijarro-i-el-primer-tinent-dalcaldia-alex-montornes","status":"publish","type":"post","link":"https:\/\/areabadalona.com\/diario\/2022\/02\/05\/el-president-de-la-generalitat-visita-badalona-i-es-reuneix-amb-lalcalde-ruben-guijarro-i-el-primer-tinent-dalcaldia-alex-montornes\/","title":{"rendered":"El president de la Generalitat visita Badalona i es reuneix amb l\u2019alcalde, Rub\u00e9n Guijarro, i el primer tinent d\u2019Alcaldia, \u00c0lex  Montorn\u00e8s\u00a0"},"content":{"rendered":"\n<p>El president de la Generalitat, Pere Aragon\u00e8s, ha visitat avui Badalona. El cap de l\u2019Executiu ha mantingut una reuni\u00f3 a la Casa de la Vila amb l\u2019alcalde de Badalona i el primer tinent d\u2019alcaldia, \u00c0lex Montorn\u00e8s. Despr\u00e9s ha saludat els representants dels diferents grups municipals al Sal\u00f3 de Plens i ha signat al llibre d\u2019honor. &nbsp;<\/p>\n\n\n\n<p>Seguint l\u2019agenda, el president, l\u2019alcalde i altres membres del Govern municipal han mantingut una trobada al Centre C\u00edvic La Salut amb representants de la Federaci\u00f3 d\u2019Associaci\u00f3 de Ve\u00efns de Badalona (FAVB ) i de l\u2019Associaci\u00f3 de Ve\u00efns Sant Joan de Llefi\u00e0-Gran Sol. Despr\u00e9s han recorregut diversos carrers del barri de Llefi\u00e0 al voltant del parc del Gran Sol, recollint les demandes dels ve\u00efns i les ve\u00efnes, i han anat caminant fins a l\u2019Associaci\u00f3 La Rotllana on ha visitat les seves instal\u00b7lacions, han mantingut una reuni\u00f3 amb la Junta de l\u2019entitat i s\u2019han interessat per les diverses activitats que s\u2019estaven portant a terme. Aquesta entitat treballa des de fa m\u00e9s de 30 anys amb nens i joves dels barris de la Salut i Llefi\u00e0.<\/p>\n\n\n\n<div><a href=\"https:\/\/areabadalona.com\/diario\/wp-content\/uploads\/2022\/02\/Visita-president02-1024x768.jpg\" class=\"td-modal-image\"><figure class=\"wp-block-image size-large\"><img loading=\"lazy\" decoding=\"async\" width=\"1024\" height=\"768\" src=\"https:\/\/areabadalona.com\/diario\/wp-content\/uploads\/2022\/02\/Visita-president02-1024x768.jpg\" alt=\"\" class=\"wp-image-3044\" srcset=\"https:\/\/areabadalona.com\/diario\/wp-content\/uploads\/2022\/02\/Visita-president02-1024x768.jpg 1024w, https:\/\/areabadalona.com\/diario\/wp-content\/uploads\/2022\/02\/Visita-president02-300x225.jpg 300w, https:\/\/areabadalona.com\/diario\/wp-content\/uploads\/2022\/02\/Visita-president02-768x576.jpg 768w, https:\/\/areabadalona.com\/diario\/wp-content\/uploads\/2022\/02\/Visita-president02-150x113.jpg 150w, https:\/\/areabadalona.com\/diario\/wp-content\/uploads\/2022\/02\/Visita-president02-696x522.jpg 696w, https:\/\/areabadalona.com\/diario\/wp-content\/uploads\/2022\/02\/Visita-president02-1068x801.jpg 1068w, https:\/\/areabadalona.com\/diario\/wp-content\/uploads\/2022\/02\/Visita-president02.jpg 1200w\" sizes=\"auto, (max-width: 1024px) 100vw, 1024px\" \/><\/figure><\/a><\/div>\n\n\n\n<p>L\u2019alcalde de Badalona, Rub\u00e9n Guijarro, ha valorat positivament les diverses reunions amb el president de la Generalitat assenyalant que \u201cdes del Govern municipal estem molt contents amb la implicaci\u00f3 i la complicitat que ens ha mostrat el Govern de la Generalitat\u201d. L\u2019alcalde ha afegit que \u201chem abordat molts reptes que tenim pendents com ara la transformaci\u00f3 de la C-31, els centres escolars, els equipaments sanitaris, la seguretat i un munt de projectes que han de transformar el futur de la ciutat com, per exemple, els Hubs de Can Ruti i de les Tres Xemeneies\u201d. Guijarro ha concl\u00f2s assenyalant que \u201ccontinuarem treballant perqu\u00e8 tenim pendents moltes inversions que han d\u2019ajudar en la transformaci\u00f3 econ\u00f2mica i social de la nostra ciutat: La bona not\u00edcia \u00e9s que ara treballem en sintonia amb la Generalitat i la resta d\u2019administracions supramunicipals\u201d.&nbsp;<\/p>\n\n\n\n<p>En finalitzar la visita a Badalona el president de la Generalitat, Pere Aragon\u00e8s, ha destacat que \u201camb el govern municipal estem treballant en bona sintonia en moltes carpetes que tenim obertes\u201d. El president ha manifestat que cal un impuls en la diversificaci\u00f3 econ\u00f2mica i en la recuperaci\u00f3 d\u2019espais en des\u00fas com les Tres Xemeneies. \u201cCom a Govern volem ajudar a transformar aquest espai entre Badalona i Sant Adri\u00e0 de Bes\u00f2s en un Hub digital que s\u2019ha de convertir en el gran centre de l\u2019audiovisual de Catalunya\u201c. Aragon\u00e8s ha concl\u00f2s que cal, continuar apostant al costat de l\u2019Ajuntament per impulsar els serveis p\u00fablics, el foment de l\u2019ocupaci\u00f3 i la rehabilitaci\u00f3 d\u2019habitatges.&nbsp;<\/p>\n","protected":false},"excerpt":{"rendered":"<p>El president de la Generalitat, Pere Aragon\u00e8s, ha visitat avui Badalona. El cap de l\u2019Executiu ha mantingut una reuni\u00f3 a la Casa de la Vila amb l\u2019alcalde de Badalona i el primer tinent d\u2019alcaldia, \u00c0lex Montorn\u00e8s. Despr\u00e9s ha saludat els representants dels diferents grups municipals al Sal\u00f3 de Plens i ha signat al llibre d\u2019honor. [&hellip;]<\/p>\n","protected":false},"author":2,"featured_media":3045,"comment_status":"open","ping_status":"open","sticky":false,"template":"","format":"standard","meta":{"footnotes":""},"categories":[23],"tags":[],"class_list":{"0":"post-3043","1":"post","2":"type-post","3":"status-publish","4":"format-standard","5":"has-post-thumbnail","7":"category-actualitat"},"_links":{"self":[{"href":"https:\/\/areabadalona.com\/diario\/wp-json\/wp\/v2\/posts\/3043","targetHints":{"allow":["GET"]}}],"collection":[{"href":"https:\/\/areabadalona.com\/diario\/wp-json\/wp\/v2\/posts"}],"about":[{"href":"https:\/\/areabadalona.com\/diario\/wp-json\/wp\/v2\/types\/post"}],"author":[{"embeddable":true,"href":"https:\/\/areabadalona.com\/diario\/wp-json\/wp\/v2\/users\/2"}],"replies":[{"embeddable":true,"href":"https:\/\/areabadalona.com\/diario\/wp-json\/wp\/v2\/comments?post=3043"}],"version-history":[{"count":1,"href":"https:\/\/areabadalona.com\/diario\/wp-json\/wp\/v2\/posts\/3043\/revisions"}],"predecessor-version":[{"id":3046,"href":"https:\/\/areabadalona.com\/diario\/wp-json\/wp\/v2\/posts\/3043\/revisions\/3046"}],"wp:featuredmedia":[{"embeddable":true,"href":"https:\/\/areabadalona.com\/diario\/wp-json\/wp\/v2\/media\/3045"}],"wp:attachment":[{"href":"https:\/\/areabadalona.com\/diario\/wp-json\/wp\/v2\/media?parent=3043"}],"wp:term":[{"taxonomy":"category","embeddable":true,"href":"https:\/\/areabadalona.com\/diario\/wp-json\/wp\/v2\/categories?post=3043"},{"taxonomy":"post_tag","embeddable":true,"href":"https:\/\/areabadalona.com\/diario\/wp-json\/wp\/v2\/tags?post=3043"}],"curies":[{"name":"wp","href":"https:\/\/api.w.org\/{rel}","templated":true}]}}