{"id":3039,"date":"2022-02-05T09:07:00","date_gmt":"2022-02-05T09:07:00","guid":{"rendered":"http:\/\/areabadalona.com\/diario\/?p=3039"},"modified":"2022-02-07T11:09:09","modified_gmt":"2022-02-07T11:09:09","slug":"guanyem-badalona-sol%c2%b7licita-pere-aragones-carta-en-ma-que-la-generalitat-tuteli-lajuntament-de-badalona-fins-a-treurel-de-la-paralisi","status":"publish","type":"post","link":"https:\/\/areabadalona.com\/diario\/2022\/02\/05\/guanyem-badalona-sol%c2%b7licita-pere-aragones-carta-en-ma-que-la-generalitat-tuteli-lajuntament-de-badalona-fins-a-treurel-de-la-paralisi\/","title":{"rendered":"Guanyem  Badalona sol\u00b7licita Pere Aragon\u00e8s, carta en m\u00e0, que la Generalitat tuteli  l\u2019Ajuntament de Badalona fins a treure\u2019l de la par\u00e0lisi"},"content":{"rendered":"\n<p>La formaci\u00f3 d\u2019esquerra transformadora <strong>ha entregat una carta en m\u00e0 a Pere Aragon\u00e8s<\/strong>,&nbsp;President de la Generalitat de Catalunya, durant una visita institucional a la ciutat de Badalona aquest dissabte 5 de febrer. En la carta s\u2019hi sol\u00b7licita \u00ab<strong>la tutela temporal i la protecci\u00f3 del Govern de Catalunya a l&#8217;Ajuntament de Badalona fins a treure la maquin\u00e0ria municipal de la par\u00e0lisi<\/strong>\u00bb.<\/p>\n\n\n\n<p>La carta, signada per totes les regidores del Grup Municipal, realitza una diagnosi de la <strong>situaci\u00f3 d\u2019emerg\u00e8ncia social<\/strong> en qu\u00e8 es troba la ciutat. Comen\u00e7a senyalant els indicadors de pobresa als barris m\u00e9s greus del pa\u00eds, l\u2019alt \u00edndex de desnonaments, els talls de llum continuats, o la manca d\u2019un parc d\u2019habitatge p\u00fablic. Remarca que alhora, la <strong>despesa p\u00fablica per habitant de Badalona \u00e9s de les m\u00e9s baixes de Catalunya<\/strong>, amb les conseq\u00fc\u00e8ncies socials i de conviv\u00e8ncia que aix\u00f2 suposa. Conclou recordant el <strong>d\u00e8ficit hist\u00f2ric d\u2019inversions en infraestructures i els efectes d\u2019una autopista que fractura la ciutat<\/strong>.&nbsp;<\/p>\n\n\n\n<div><a href=\"https:\/\/areabadalona.com\/diario\/wp-content\/uploads\/2022\/02\/carta_guanyem_aragones02-576x1024.jpg\" class=\"td-modal-image\"><figure class=\"wp-block-image size-large\"><img loading=\"lazy\" decoding=\"async\" width=\"576\" height=\"1024\" src=\"https:\/\/areabadalona.com\/diario\/wp-content\/uploads\/2022\/02\/carta_guanyem_aragones02-576x1024.jpg\" alt=\"\" class=\"wp-image-3040\" srcset=\"https:\/\/areabadalona.com\/diario\/wp-content\/uploads\/2022\/02\/carta_guanyem_aragones02-576x1024.jpg 576w, https:\/\/areabadalona.com\/diario\/wp-content\/uploads\/2022\/02\/carta_guanyem_aragones02-169x300.jpg 169w, https:\/\/areabadalona.com\/diario\/wp-content\/uploads\/2022\/02\/carta_guanyem_aragones02-150x267.jpg 150w, https:\/\/areabadalona.com\/diario\/wp-content\/uploads\/2022\/02\/carta_guanyem_aragones02-300x533.jpg 300w, https:\/\/areabadalona.com\/diario\/wp-content\/uploads\/2022\/02\/carta_guanyem_aragones02.jpg 675w\" sizes=\"auto, (max-width: 576px) 100vw, 576px\" \/><\/figure><\/a><\/div>\n\n\n\n<p>La formaci\u00f3 municipalista defensa que la <strong>inestabilitat pol\u00edtica<\/strong> i el govern del PP \u00abhan impossibilitat la<strong> necess\u00e0ria modernitzaci\u00f3 de l\u2019aparell administratiu<\/strong> de l\u2019Ajuntament que ha de permetre donar resposta amb efic\u00e0cia a la ciutadania\u00bb. Fet que ha provocat una <strong>situaci\u00f3 de par\u00e0lisi que afecta cada vegada m\u00e9s \u00e0mbits dels serveis a la ciutadania<\/strong>. En s\u00f3n exemple els serveis socials molt infradotats en recursos humans i sense cartera de serveis, la biblioteca de Can Casacuberta que continua tancada al p\u00fablic despr\u00e9s de dos anys o la manca de Servei d\u2019Atenci\u00f3 Integral LGBTI, incumplint la llei 14\/2015 aprovada al Parlament.<\/p>\n\n\n\n<p>Finalment, les regidores del Grup Municipal de Guanyem Badalona, posen l\u2019accent en dos fen\u00f2mens pol\u00edtics connectats, per una banda el <strong>creixement del populisme de dretes que representa el Partit Popular<\/strong>, irrellevant a la resta Catalunya, fomentant l\u2019odi i la fractura social; i per l\u2019altre<strong> la impossibilitat per part de les forces d\u2019esquerra republicanes de conformar un govern fort i estable amb majoria absoluta<\/strong>.<\/p>\n\n\n\n<p>En aquest sentit, Guanyem Badalona ja va anunciar aquest mateix dilluns que <strong>supedita l\u2019aprovaci\u00f3 del pressupost a la seva entrada a un govern de majoria<\/strong>, despr\u00e9s de&nbsp; constatar que <strong>\u00abal govern en minoria del PSC li manca for\u00e7a i pluralitat\u00bb<\/strong>.<\/p>\n","protected":false},"excerpt":{"rendered":"<p>La formaci\u00f3 d\u2019esquerra transformadora ha entregat una carta en m\u00e0 a Pere Aragon\u00e8s,&nbsp;President de la Generalitat de Catalunya, durant una visita institucional a la ciutat de Badalona aquest dissabte 5 de febrer. En la carta s\u2019hi sol\u00b7licita \u00abla tutela temporal i la protecci\u00f3 del Govern de Catalunya a l&#8217;Ajuntament de Badalona fins a treure la [&hellip;]<\/p>\n","protected":false},"author":2,"featured_media":3041,"comment_status":"open","ping_status":"open","sticky":false,"template":"","format":"standard","meta":{"footnotes":""},"categories":[23],"tags":[],"class_list":{"0":"post-3039","1":"post","2":"type-post","3":"status-publish","4":"format-standard","5":"has-post-thumbnail","7":"category-actualitat"},"_links":{"self":[{"href":"https:\/\/areabadalona.com\/diario\/wp-json\/wp\/v2\/posts\/3039","targetHints":{"allow":["GET"]}}],"collection":[{"href":"https:\/\/areabadalona.com\/diario\/wp-json\/wp\/v2\/posts"}],"about":[{"href":"https:\/\/areabadalona.com\/diario\/wp-json\/wp\/v2\/types\/post"}],"author":[{"embeddable":true,"href":"https:\/\/areabadalona.com\/diario\/wp-json\/wp\/v2\/users\/2"}],"replies":[{"embeddable":true,"href":"https:\/\/areabadalona.com\/diario\/wp-json\/wp\/v2\/comments?post=3039"}],"version-history":[{"count":1,"href":"https:\/\/areabadalona.com\/diario\/wp-json\/wp\/v2\/posts\/3039\/revisions"}],"predecessor-version":[{"id":3042,"href":"https:\/\/areabadalona.com\/diario\/wp-json\/wp\/v2\/posts\/3039\/revisions\/3042"}],"wp:featuredmedia":[{"embeddable":true,"href":"https:\/\/areabadalona.com\/diario\/wp-json\/wp\/v2\/media\/3041"}],"wp:attachment":[{"href":"https:\/\/areabadalona.com\/diario\/wp-json\/wp\/v2\/media?parent=3039"}],"wp:term":[{"taxonomy":"category","embeddable":true,"href":"https:\/\/areabadalona.com\/diario\/wp-json\/wp\/v2\/categories?post=3039"},{"taxonomy":"post_tag","embeddable":true,"href":"https:\/\/areabadalona.com\/diario\/wp-json\/wp\/v2\/tags?post=3039"}],"curies":[{"name":"wp","href":"https:\/\/api.w.org\/{rel}","templated":true}]}}