{"id":3036,"date":"2022-02-04T13:08:19","date_gmt":"2022-02-04T13:08:19","guid":{"rendered":"http:\/\/areabadalona.com\/diario\/?p=3036"},"modified":"2022-02-04T13:08:20","modified_gmt":"2022-02-04T13:08:20","slug":"lajuntament-de-badalona-destina-1-milio-deuros-en-ajuts-directes-per-al-sector-de-loci-nocturn","status":"publish","type":"post","link":"https:\/\/areabadalona.com\/diario\/2022\/02\/04\/lajuntament-de-badalona-destina-1-milio-deuros-en-ajuts-directes-per-al-sector-de-loci-nocturn\/","title":{"rendered":"L\u2019Ajuntament de Badalona destina 1 mili\u00f3 d\u2019euros en ajuts directes  per al sector de l\u2019oci nocturn\u00a0"},"content":{"rendered":"\n<p>L\u2019Ajuntament de Badalona destinar\u00e0 1 mili\u00f3 d\u2019euros en ajuts directes al sector de l\u2019oci nocturn de la ciutat, un dels col\u00b7lectius m\u00e9s afectats per les mesures restrictives a causa de la pand\u00e8mia de la Covid-19. &nbsp;<\/p>\n\n\n\n<p>L\u2019alcalde de Badalona, Rub\u00e9n Guijarro; el primer tinent d\u2019alcaldia i regidor de l\u2019\u00c0mbit d\u2019Impuls de Ciutat i Reconstrucci\u00f3 COVID, \u00c0lex Montorn\u00e8s, i el tercer tinent d\u2019alcaldia i regidor de l\u2019\u00c0mbit de Protecci\u00f3 Social a les Persones i Impuls Comercial, David Torrents, s\u2019han reunit aquest mat\u00ed amb empresaris de l\u2019oci nocturn de la ciutat per concretar algunes de les mesures espec\u00edfiques d\u2019ajut a aquest sector que es troben incloses al Pla de reconstrucci\u00f3 econ\u00f2mica i social postcovid. En les bases s\u2019especificar\u00e0 que per accedir als ajuts s\u2019hauran d\u2019acreditar les p\u00e8rdues de facturaci\u00f3 respecte als exercicis anteriors a la pand\u00e8mia, fins a arribar a un topall del 50%, i amb un m\u00e0xim de 50.000 euros per establiment.&nbsp;<\/p>\n\n\n\n<p>L\u2019alcalde de Badalona, Rub\u00e9n Guijarro, ha remarcat que \u201cfa unes setmanes ens vam comprometre a ajudar aquest sector i alleugerir la seva situaci\u00f3 i avui hem pogut mostrar que els ajuts s\u00f3n una realitat\u201d. En aquest sentit, el primer tinent d\u2019alcaldia i regidor de l\u2019\u00c0mbit d\u2019Impuls de Ciutat i Reconstrucci\u00f3 COVID, \u00c0lex Montorn\u00e8s ha subratllat que \u201ces tracta d\u2019ajuts directes i volem garantir que el seu acc\u00e9s sigui el m\u00e9s \u00e0gil i r\u00e0pid possible\u201d.&nbsp;<\/p>\n\n\n\n<p>Dimarts passat, 1 de febrer, el Consell Executiu del Govern de la Generalitat&nbsp; la Generalitat va anunciar la reobertura de l&#8217;oci nocturn a partir del divendres 11 de febrer, sense restriccions d&#8217;aforament ni limitacions hor\u00e0ries. Aquests establiments (bars de nit, discoteques, sales de concert, etc.), van haver de tancar una altra vegada just abans de les festes de Nadal i Cap d&#8217;Any, unes dates crucials per a la facturaci\u00f3 d\u2019aquest sector, que ja es trobava molt afectat per les mesures restrictives a causa de la pand\u00e8mia de la Covid-19.&nbsp;<\/p>\n","protected":false},"excerpt":{"rendered":"<p>L\u2019Ajuntament de Badalona destinar\u00e0 1 mili\u00f3 d\u2019euros en ajuts directes al sector de l\u2019oci nocturn de la ciutat, un dels col\u00b7lectius m\u00e9s afectats per les mesures restrictives a causa de la pand\u00e8mia de la Covid-19. &nbsp; L\u2019alcalde de Badalona, Rub\u00e9n Guijarro; el primer tinent d\u2019alcaldia i regidor de l\u2019\u00c0mbit d\u2019Impuls de Ciutat i Reconstrucci\u00f3 COVID, [&hellip;]<\/p>\n","protected":false},"author":2,"featured_media":3037,"comment_status":"open","ping_status":"open","sticky":false,"template":"","format":"standard","meta":{"footnotes":""},"categories":[23,24],"tags":[],"class_list":{"0":"post-3036","1":"post","2":"type-post","3":"status-publish","4":"format-standard","5":"has-post-thumbnail","7":"category-actualitat","8":"category-societat"},"_links":{"self":[{"href":"https:\/\/areabadalona.com\/diario\/wp-json\/wp\/v2\/posts\/3036","targetHints":{"allow":["GET"]}}],"collection":[{"href":"https:\/\/areabadalona.com\/diario\/wp-json\/wp\/v2\/posts"}],"about":[{"href":"https:\/\/areabadalona.com\/diario\/wp-json\/wp\/v2\/types\/post"}],"author":[{"embeddable":true,"href":"https:\/\/areabadalona.com\/diario\/wp-json\/wp\/v2\/users\/2"}],"replies":[{"embeddable":true,"href":"https:\/\/areabadalona.com\/diario\/wp-json\/wp\/v2\/comments?post=3036"}],"version-history":[{"count":1,"href":"https:\/\/areabadalona.com\/diario\/wp-json\/wp\/v2\/posts\/3036\/revisions"}],"predecessor-version":[{"id":3038,"href":"https:\/\/areabadalona.com\/diario\/wp-json\/wp\/v2\/posts\/3036\/revisions\/3038"}],"wp:featuredmedia":[{"embeddable":true,"href":"https:\/\/areabadalona.com\/diario\/wp-json\/wp\/v2\/media\/3037"}],"wp:attachment":[{"href":"https:\/\/areabadalona.com\/diario\/wp-json\/wp\/v2\/media?parent=3036"}],"wp:term":[{"taxonomy":"category","embeddable":true,"href":"https:\/\/areabadalona.com\/diario\/wp-json\/wp\/v2\/categories?post=3036"},{"taxonomy":"post_tag","embeddable":true,"href":"https:\/\/areabadalona.com\/diario\/wp-json\/wp\/v2\/tags?post=3036"}],"curies":[{"name":"wp","href":"https:\/\/api.w.org\/{rel}","templated":true}]}}