{"id":3026,"date":"2022-02-03T11:32:31","date_gmt":"2022-02-03T11:32:31","guid":{"rendered":"http:\/\/areabadalona.com\/diario\/?p=3026"},"modified":"2022-02-03T11:32:32","modified_gmt":"2022-02-03T11:32:32","slug":"la-22ena-edicio-del-festival-internacional-de-magia-xxii-memorial-li-chang-torna-a-omplir-de-magia-badalona","status":"publish","type":"post","link":"https:\/\/areabadalona.com\/diario\/2022\/02\/03\/la-22ena-edicio-del-festival-internacional-de-magia-xxii-memorial-li-chang-torna-a-omplir-de-magia-badalona\/","title":{"rendered":"La 22ena edici\u00f3 del Festival Internacional de M\u00e0gia XXII Memorial  Li-Chang torna a omplir de m\u00e0gia Badalona\u00a0"},"content":{"rendered":"\n<p>El Teatre Zorrilla ha acollit avui la presentaci\u00f3 de la programaci\u00f3 del 22\u00e8 Festival Internacional de M\u00e0gia XXII Memorial Li-Chang que tindr\u00e0 lloc del 5 de febrer al 6 de mar\u00e7. L\u2019acte ha comptat amb la pres\u00e8ncia de l\u2019alcalde de Badalona, Rub\u00e9n Guijarro, la regidora de l\u2019\u00c0rea de Cultura, Anna Maria Lara i el director del Festival, Enric Magoo.&nbsp;<\/p>\n\n\n\n<p><strong>La imatge de Badalona \u00edntimament lligada a la m\u00e0gia&nbsp;<\/strong><\/p>\n\n\n\n<p>L\u2019alcalde ha remarcat que \u201cla imatge de Badalona est\u00e0 \u00edntimament lligada des de fa 22 anys a la m\u00e0gia, el Festival \u00e9s una de les cites ineludibles i una ocasi\u00f3 \u00fanica de veure els millors mags del moment\u201d i ha afegit que \u201cla m\u00e0gia no passa mai de moda, l\u2019\u00e8xit de la programaci\u00f3 d\u2019aquest Festival es troba en l\u2019equilibri perfecte entre la necess\u00e0ria innovaci\u00f3 i la puresa m\u00e9s cl\u00e0ssica\u201d.&nbsp;<\/p>\n\n\n\n<p>Per la seva banda la regidora de l\u2019\u00c0rea de Cultura de l\u2019Ajuntament de Badalona, Anna Maria Lara, ha destacat que \u201cel Festival presenta un any m\u00e9s una programaci\u00f3 emocionant i il\u00b7lusionant, i animem als badalonins i badalonines a ser part\u00edcips d\u2019aquests espectacles ara que l\u2019aforament torna a ser del 100%\u201d.&nbsp;<\/p>\n\n\n\n<p>El director art\u00edstic del Festival, el mag Enric Magoo, ha volgut posar de relleu que \u201cestic conven\u00e7ut que el principal motiu de l\u2019\u00e8xit al llarg dels anys d\u2019aquest Festival \u00e9s que mantenim en la programaci\u00f3 un equilibri en la pres\u00e8ncia de joventut i de mags reconeguts mundialment\u201d.&nbsp;<\/p>\n\n\n\n<p><strong>Programaci\u00f3&nbsp;<\/strong><\/p>\n\n\n\n<p>La 22a edici\u00f3 del Festival Internacional de M\u00e0gia XXII Memorial Li-Chang presenta una programaci\u00f3 carregada de propostes innovadores i de qualitat que compta amb mags, magues i artistes locals i internacionals que posaran l\u2019accent en diferents disciplines del m\u00f3n de l\u2019il\u00b7lusionisme.&nbsp;<\/p>\n\n\n\n<p>Entre els espectacles que acull el Festival destaca <strong>\u201cUna tarda amb el Mag Lari\u201d<\/strong> que tindr\u00e0 lloc al Teatre Zorrilla el diumenge 13 de febrer. El reconegut il\u00b7lusionista, acompanyat pel mag Lluc Perell\u00f3, combinar\u00e0 l\u2019eleg\u00e0ncia, la ironia i la pres\u00e8ncia esc\u00e8nica amb un accent molt familiar.&nbsp;<\/p>\n\n\n\n<p>El dissabte 19 de febrer al Teatre Margarida Xirgu tindr\u00e0 lloc, un any m\u00e9s, l\u2019espectacle <strong>\u201cM\u00e0gia i Humor\u201d<\/strong>, consolidat en edicions anteriors com a format de nit cabaretera i de m\u00e0gia clandestina. Enguany anir\u00e0 a c\u00e0rrec de l\u2019il\u00b7lusionista val\u00b7lisolet\u00e0 Fernando Arribas, que ens regalar\u00e0 el seu original repertori creatiu revestit d\u2019una presentaci\u00f3 exquisida. L\u2019acompanyar\u00e0 el sevill\u00e0 Javi Ben\u00edtez, expert en \u201cm\u00e0gia de prop\u201d, i completar\u00e0 la vetllada l\u2019humor canalla del catal\u00e0 Txabi Franquesa, que combinar\u00e0 totes les seves facetes art\u00edstiques per sortir a l\u2019escenari.&nbsp;<\/p>\n\n\n\n<p>Els dies 25, 26 i 27 de febrer al Teatre Zorrilla, se celebrar\u00e0 la <strong>Gala Internacional de M\u00e0gia XXII Memorial Li-Chang <\/strong>on actuaran artistes de gran renom que presentaran els seus espectacles d\u2019\u00e8xit internacional. Entre les propostes, destaca la polifac\u00e8tica Celia Mu\u00f1oz i la seva innovadora t\u00e8cnica de ventril\u00f2quia que l\u2019ha fet guanyadora del passi d\u2019or de la recent edici\u00f3 de Got Talent Espanya. L\u2019humor arribar\u00e0 aquest any des d\u2019It\u00e0lia amb l\u2019exc\u00e8ntrica parella d\u2019artistes Isabella i Guido (Disguido Magic) i el seu captivador n\u00famero de m\u00e0gia c\u00f2mica on barregen, en un perfecte equilibri, el cinema amb l\u2019il\u00b7lusionisme. Un espectacle que els ha fet mereixedors del Premi Europeu de M\u00e0gia FISM i el Premi Mandrake d\u2019Or de Fran\u00e7a. Per altra banda, des de R\u00fassia, el jove il\u00b7lusionista Artem Shchukin (premiat tant al Congr\u00e9s Franc\u00e8s de M\u00e0gia com al Congr\u00e9s Europeu) posar\u00e0 la pell de gallina amb la seva gran plasticitat, el seu art de la manipulaci\u00f3 i la seva t\u00e8cnica depurada, apresa a l\u2019escola de Mosc\u00fa. El show de grans il\u00b7lusions vindr\u00e0 aquest any de la m\u00e0 d\u2019una parella de mags catalans, Ram\u00f3 &amp; Alegria (Premi Europeu de Grans Il\u00b7lusions FISM2021), un espectacle on el rol tradicional del mag i la seva ajudant quedar\u00e0 totalment caduc. I, des de Fran\u00e7a, el mag Arno ens convidar\u00e0 al seu meravell\u00f3s m\u00f3n on fa apar\u00e8ixer del no-res les aus m\u00e9s boniques del planeta. Tot aquest repertori m\u00e0gic estar\u00e0 presentat pel catal\u00e0 Gerard Borrell, un aut\u00e8ntic showmag que ser\u00e0 l\u2019encarregat de conduir les gales amb molt d\u2019humor, cant i ball. &nbsp;<\/p>\n\n\n\n<p>El Festival clour\u00e0 el diumenge 6 mar\u00e7 al Teatre Blas Infante amb la tradicional <strong>Gala Solid\u00e0ria de M\u00e0gia<\/strong> que, una edici\u00f3 m\u00e9s, ens descobrir\u00e0 la pedrera de joves mags i magues de Catalunya. La gala, presentada per \u00c0lex Gilabert, comptar\u00e0 amb el mag valenci\u00e0 Alejandro Ruiz, de la comarca de l\u2019Urgell arribaran les Next Generation, tindrem tamb\u00e9 l\u2019osonenca Maga Game i, finalment, actuar\u00e0 el Mag Nil (actual Premi Jove Li-Chang 2022). La recaptaci\u00f3 d\u2019aquesta gala es destinar\u00e0 un any m\u00e9s a Solidarim\u00e0gia, una iniciativa que acosta la m\u00e0gia a tothom i a tot arreu. Amb l\u2019edici\u00f3 d\u2019aquest any el projecte viatjar\u00e0 al Senegal per oferir espectacles i tallers de m\u00e0gia als hospitals oncol\u00f2gics infantils, orfenats, leproseries de Dakar i a les escoles a\u00efllades que es troben al mig de la sabana africana.&nbsp;<\/p>\n\n\n\n<p><strong>Altres activitats m\u00e0giques&nbsp;<\/strong><\/p>\n\n\n\n<p>La programaci\u00f3 de la 22ena edici\u00f3 del Festival Internacional de M\u00e0gia de Badalona es completa amb un conjunt d\u2019activitats que tindran lloc en diferents punts de la ciutat com la <strong>Trobada de Mags de Catalunya al Centre Comercial M\u00e0gic<\/strong>, l\u2019espectacle escolar <strong>\u201cHai, la pescadora de somnis\u201d<\/strong> i una sessi\u00f3 de cinema familiar amb la projecci\u00f3 de <strong>\u201cNeu i els arbres m\u00e0gics\u201d<\/strong> al Teatre Margarida Xirgu, el <strong>\u201cCurs de m\u00e0gia i il\u00b7lusionisme per a docents<\/strong>\u201d al Centre de Recursos Pedag\u00f2gics de Badalona, una actuaci\u00f3 a la llibreria Saltamart\u00ed i la Gala de Joves Promeses de la M\u00e0gia al Teatre del C\u00edrcol Cat\u00f2lic. &nbsp;<\/p>\n\n\n\n<p>Un any m\u00e9s, la programaci\u00f3 del festival acull una nova edici\u00f3 del <strong>\u201cCurs de m\u00e0gia i il\u00b7lusionisme per a docents\u201d<\/strong> que, vinculat al Pla de Formaci\u00f3 de Zona i organitzat pels Serveis de Cultura i d&#8217;Educaci\u00f3 de l&#8217;Ajuntament de Badalona i pel CRP de la Generalitat de Catalunya, s&#8217;iniciar\u00e0 el 8 de febrer i es desenvolupar\u00e0 al llarg de sis sessions presencials fins al 15 de mar\u00e7. Enric Magoo, promotor i mestre d&#8217;aquest curs des de la seva primera edici\u00f3, juntament amb Maty G\u00e1lvez, ensenyaran als participants com la m\u00e0gia pot ser molt \u00fatil en el proc\u00e9s d&#8217;aprenentatge de l&#8217;alumnat dels centres escolars i socioeducatius, i com afavoreix l&#8217;adquisici\u00f3 de compet\u00e8ncies b\u00e0siques en diferents \u00e0mbits del coneixement. No es tracta d&#8217;un curs per ensenyar a ser mag o maga; \u00e9s un curs que pret\u00e9n afavorir la utilitzaci\u00f3 de la m\u00e0gia com a instrument pedag\u00f2gic, innovador, alternatiu i motivador, que ajudi al desenvolupament de les habilitats f\u00edsiques, intel\u00b7lectuals i emocionals dels infants i els adolescents.&nbsp;<\/p>\n\n\n\n<p><strong>Menci\u00f3 honor\u00edfica&nbsp;<\/strong><\/p>\n\n\n\n<p>En el decurs de la presentaci\u00f3 de la programaci\u00f3 s\u2019ha avan\u00e7at que la Menci\u00f3 Honor\u00edfica, que es lliurar\u00e0 durant la Gala Internacional de M\u00e0gia el pr\u00f2xim 25 de febrer, i que es concedeix a alguna personalitat lligada al m\u00f3n de la m\u00e0gia recau sobre Josep Mar\u00eda Garcia Andrada, de sobrenom art\u00edstic \u201cSkueker\u201d que amb 90 anys d\u2019edat encara mant\u00e9 viva la febre per la m\u00e0gia, una afici\u00f3 que ha format part d\u2019ell tota la vida.&nbsp;<\/p>\n\n\n\n<p><strong>Premi Li-Chang&nbsp;<\/strong><\/p>\n\n\n\n<p>A la Gala Internacional de M\u00e0gia de diumenge 27 de febrer a la tarda, es lliurar\u00e0 el Premi Li-Chang a aquell\/a mag\/a que obtingui el reconeixement per part del p\u00fablic assistent a les gales a trav\u00e9s d\u2019un sistema telem\u00e0tic de votaci\u00f3 popular.&nbsp;<\/p>\n","protected":false},"excerpt":{"rendered":"<p>El Teatre Zorrilla ha acollit avui la presentaci\u00f3 de la programaci\u00f3 del 22\u00e8 Festival Internacional de M\u00e0gia XXII Memorial Li-Chang que tindr\u00e0 lloc del 5 de febrer al 6 de mar\u00e7. L\u2019acte ha comptat amb la pres\u00e8ncia de l\u2019alcalde de Badalona, Rub\u00e9n Guijarro, la regidora de l\u2019\u00c0rea de Cultura, Anna Maria Lara i el director [&hellip;]<\/p>\n","protected":false},"author":2,"featured_media":3027,"comment_status":"open","ping_status":"open","sticky":false,"template":"","format":"standard","meta":{"footnotes":""},"categories":[25],"tags":[],"class_list":{"0":"post-3026","1":"post","2":"type-post","3":"status-publish","4":"format-standard","5":"has-post-thumbnail","7":"category-cultura"},"_links":{"self":[{"href":"https:\/\/areabadalona.com\/diario\/wp-json\/wp\/v2\/posts\/3026","targetHints":{"allow":["GET"]}}],"collection":[{"href":"https:\/\/areabadalona.com\/diario\/wp-json\/wp\/v2\/posts"}],"about":[{"href":"https:\/\/areabadalona.com\/diario\/wp-json\/wp\/v2\/types\/post"}],"author":[{"embeddable":true,"href":"https:\/\/areabadalona.com\/diario\/wp-json\/wp\/v2\/users\/2"}],"replies":[{"embeddable":true,"href":"https:\/\/areabadalona.com\/diario\/wp-json\/wp\/v2\/comments?post=3026"}],"version-history":[{"count":1,"href":"https:\/\/areabadalona.com\/diario\/wp-json\/wp\/v2\/posts\/3026\/revisions"}],"predecessor-version":[{"id":3028,"href":"https:\/\/areabadalona.com\/diario\/wp-json\/wp\/v2\/posts\/3026\/revisions\/3028"}],"wp:featuredmedia":[{"embeddable":true,"href":"https:\/\/areabadalona.com\/diario\/wp-json\/wp\/v2\/media\/3027"}],"wp:attachment":[{"href":"https:\/\/areabadalona.com\/diario\/wp-json\/wp\/v2\/media?parent=3026"}],"wp:term":[{"taxonomy":"category","embeddable":true,"href":"https:\/\/areabadalona.com\/diario\/wp-json\/wp\/v2\/categories?post=3026"},{"taxonomy":"post_tag","embeddable":true,"href":"https:\/\/areabadalona.com\/diario\/wp-json\/wp\/v2\/tags?post=3026"}],"curies":[{"name":"wp","href":"https:\/\/api.w.org\/{rel}","templated":true}]}}