{"id":2970,"date":"2022-01-25T10:24:47","date_gmt":"2022-01-25T10:24:47","guid":{"rendered":"http:\/\/areabadalona.com\/diario\/?p=2970"},"modified":"2022-01-25T10:24:48","modified_gmt":"2022-01-25T10:24:48","slug":"les-escoles-de-badalona-celebren-el-dia-escolar-de-la-no-violencia-i-la-pau","status":"publish","type":"post","link":"https:\/\/areabadalona.com\/diario\/2022\/01\/25\/les-escoles-de-badalona-celebren-el-dia-escolar-de-la-no-violencia-i-la-pau\/","title":{"rendered":"Les escoles de Badalona celebren el Dia Escolar de la No Viol\u00e8ncia i la Pau"},"content":{"rendered":"\n<p>Alumnes de 4t i 5\u00e8 de diverses escoles de la ciutat (Bet\u00falia, Folch i Torres, Joan Coret, Joan Llongueras, Lola Anglada, Merc\u00e8 Rodoreda, Miguel Hern\u00e1ndez, Minguella i Pau Picasso) treballen en la confecci\u00f3 d\u2019un Manifest i petites construccions amb motiu del Dia Escolar de la No Viol\u00e8ncia i la Pau (DENIP) que es celebra el 30 de gener, coincidint amb la data en qu\u00e8 es recorda l\u2019aniversari de la mort del pensador i l\u00edder de la independ\u00e8ncia de l\u2019\u00cdndia Mohandas Karamchand Gandhi, l\u2019any 1948.&nbsp;<\/p>\n\n\n\n<p>El proc\u00e9s de creaci\u00f3 de les construccions compta amb el suport de Gloria Vives Xiol, artista pl\u00e0stica i formadora de docents, i el treball de tot el professorat i alumnat implicat per viure una experi\u00e8ncia de cultura de la pau amb una din\u00e0mica que fomenta la creativitat i el treball cooperatiu en grup.&nbsp;<\/p>\n\n\n\n<p>Aquest curs, el Manifest i les construccions es presentaran el dimecres 26 de gener, a les 18 h, en el marc d&#8217;una exposici\u00f3 que restar\u00e0 oberta fins el 20 de febrer al Centre Comercial M\u00e0gic Badalona.&nbsp;<\/p>\n\n\n\n<p>El DENIP 2022 est\u00e0 organitzat per les nou escoles que hi participen, pel Centre de Recursos Pedag\u00f2gics del Departament d\u2019Educaci\u00f3 de la Generalitat de Catalunya i pel Servei d\u2019Educaci\u00f3 de l\u2019Ajuntament de Badalona, amb la col\u00b7laboraci\u00f3 de la Xarxa Municipal de Biblioteques de Badalona i el Centre Comercial M\u00e0gic Badalona.&nbsp;<\/p>\n","protected":false},"excerpt":{"rendered":"<p>Alumnes de 4t i 5\u00e8 de diverses escoles de la ciutat (Bet\u00falia, Folch i Torres, Joan Coret, Joan Llongueras, Lola Anglada, Merc\u00e8 Rodoreda, Miguel Hern\u00e1ndez, Minguella i Pau Picasso) treballen en la confecci\u00f3 d\u2019un Manifest i petites construccions amb motiu del Dia Escolar de la No Viol\u00e8ncia i la Pau (DENIP) que es celebra el [&hellip;]<\/p>\n","protected":false},"author":2,"featured_media":2971,"comment_status":"open","ping_status":"open","sticky":false,"template":"","format":"standard","meta":{"footnotes":""},"categories":[23,24],"tags":[],"class_list":{"0":"post-2970","1":"post","2":"type-post","3":"status-publish","4":"format-standard","5":"has-post-thumbnail","7":"category-actualitat","8":"category-societat"},"_links":{"self":[{"href":"https:\/\/areabadalona.com\/diario\/wp-json\/wp\/v2\/posts\/2970","targetHints":{"allow":["GET"]}}],"collection":[{"href":"https:\/\/areabadalona.com\/diario\/wp-json\/wp\/v2\/posts"}],"about":[{"href":"https:\/\/areabadalona.com\/diario\/wp-json\/wp\/v2\/types\/post"}],"author":[{"embeddable":true,"href":"https:\/\/areabadalona.com\/diario\/wp-json\/wp\/v2\/users\/2"}],"replies":[{"embeddable":true,"href":"https:\/\/areabadalona.com\/diario\/wp-json\/wp\/v2\/comments?post=2970"}],"version-history":[{"count":1,"href":"https:\/\/areabadalona.com\/diario\/wp-json\/wp\/v2\/posts\/2970\/revisions"}],"predecessor-version":[{"id":2972,"href":"https:\/\/areabadalona.com\/diario\/wp-json\/wp\/v2\/posts\/2970\/revisions\/2972"}],"wp:featuredmedia":[{"embeddable":true,"href":"https:\/\/areabadalona.com\/diario\/wp-json\/wp\/v2\/media\/2971"}],"wp:attachment":[{"href":"https:\/\/areabadalona.com\/diario\/wp-json\/wp\/v2\/media?parent=2970"}],"wp:term":[{"taxonomy":"category","embeddable":true,"href":"https:\/\/areabadalona.com\/diario\/wp-json\/wp\/v2\/categories?post=2970"},{"taxonomy":"post_tag","embeddable":true,"href":"https:\/\/areabadalona.com\/diario\/wp-json\/wp\/v2\/tags?post=2970"}],"curies":[{"name":"wp","href":"https:\/\/api.w.org\/{rel}","templated":true}]}}