{"id":2967,"date":"2022-01-25T10:16:23","date_gmt":"2022-01-25T10:16:23","guid":{"rendered":"http:\/\/areabadalona.com\/diario\/?p=2967"},"modified":"2022-01-25T10:16:25","modified_gmt":"2022-01-25T10:16:25","slug":"el-cicle-de-cinema-infantil-en-catala-cinc-torna-a-badalona","status":"publish","type":"post","link":"https:\/\/areabadalona.com\/diario\/2022\/01\/25\/el-cicle-de-cinema-infantil-en-catala-cinc-torna-a-badalona\/","title":{"rendered":"El cicle de Cinema Infantil en Catal\u00e0 (CINC) torna a Badalona"},"content":{"rendered":"\n<p>A partir del 5 de febrer, el CINC porta a l\u2019OCine del M\u00e0gic Badalona cinc pel\u00b7l\u00edcules per a tots els p\u00fablics perqu\u00e8 tota la fam\u00edlia pugui gaudir els dissabtes a la tarda, en un horari \u00fanic (16 hores) i un preu \u00fanic (4,50 \u20ac).&nbsp;<\/p>\n\n\n\n<ul class=\"wp-block-list\"><li><strong><em>Space Jam: Noves llegendes,<\/em><\/strong><strong> el 5 de febrer<\/strong><strong>&nbsp;<\/strong><\/li><li><strong><em>Upsss! 2: I ara on \u00e9s No\u00e8?,<\/em><\/strong><strong><em> <\/em><\/strong><strong>el 12 de febrer <\/strong><strong><em>&nbsp;<\/em><\/strong><\/li><li><strong><em>El nad\u00f3 en cap: Negocis de fam\u00edlia,<\/em><\/strong><strong> <\/strong><strong>el 19 de febrer <\/strong><strong>&nbsp;<\/strong><\/li><li><strong><em>Ron dona error, <\/em><\/strong><strong>el 26 de febrer <\/strong><strong><em>&nbsp;<\/em><\/strong><\/li><li><strong><em>Canta 2!<\/em><\/strong><strong> el 5 de mar\u00e7 <\/strong><strong>&nbsp;<\/strong><br><\/li><\/ul>\n\n\n\n<p>Tota la informaci\u00f3 d\u2019aquesta edici\u00f3 del CINC, juntament amb les sinopsis i els tr\u00e0ilers de les pel\u00b7l\u00edcules, \u00e9s al web del CNL de Badalona i Sant Adri\u00e0 (<a href=\"http:\/\/www.cpnl.cat\/badalona\">www.cpnl.cat\/badalona<\/a>) i al portal de Cinema en catal\u00e0 de la Direcci\u00f3 General de Pol\u00edtica Ling\u00fc\u00edstica (<a href=\"http:\/\/www.gencat.cat\/llengua\/cinema\">www.gencat.cat\/llengua\/cinema<\/a>).&nbsp;<\/p>\n\n\n\n<p>El CINC \u00e9s una iniciativa de la Secretaria de Pol\u00edtica Ling\u00fc\u00edstica del Departament de Cultura per fer cr\u00e9ixer l&#8217;oferta i el consum de cinema infantil en catal\u00e0, amb la col\u00b7laboraci\u00f3 del Consorci per a la Normalitzaci\u00f3 Ling\u00fc\u00edstica i de diversos ajuntaments, institucions, entitats i cinemes.&nbsp;<\/p>\n","protected":false},"excerpt":{"rendered":"<p>A partir del 5 de febrer, el CINC porta a l\u2019OCine del M\u00e0gic Badalona cinc pel\u00b7l\u00edcules per a tots els p\u00fablics perqu\u00e8 tota la fam\u00edlia pugui gaudir els dissabtes a la tarda, en un horari \u00fanic (16 hores) i un preu \u00fanic (4,50 \u20ac).&nbsp; Space Jam: Noves llegendes, el 5 de febrer&nbsp; Upsss! 2: I [&hellip;]<\/p>\n","protected":false},"author":2,"featured_media":2968,"comment_status":"open","ping_status":"open","sticky":false,"template":"","format":"standard","meta":{"footnotes":""},"categories":[25],"tags":[],"class_list":{"0":"post-2967","1":"post","2":"type-post","3":"status-publish","4":"format-standard","5":"has-post-thumbnail","7":"category-cultura"},"_links":{"self":[{"href":"https:\/\/areabadalona.com\/diario\/wp-json\/wp\/v2\/posts\/2967","targetHints":{"allow":["GET"]}}],"collection":[{"href":"https:\/\/areabadalona.com\/diario\/wp-json\/wp\/v2\/posts"}],"about":[{"href":"https:\/\/areabadalona.com\/diario\/wp-json\/wp\/v2\/types\/post"}],"author":[{"embeddable":true,"href":"https:\/\/areabadalona.com\/diario\/wp-json\/wp\/v2\/users\/2"}],"replies":[{"embeddable":true,"href":"https:\/\/areabadalona.com\/diario\/wp-json\/wp\/v2\/comments?post=2967"}],"version-history":[{"count":1,"href":"https:\/\/areabadalona.com\/diario\/wp-json\/wp\/v2\/posts\/2967\/revisions"}],"predecessor-version":[{"id":2969,"href":"https:\/\/areabadalona.com\/diario\/wp-json\/wp\/v2\/posts\/2967\/revisions\/2969"}],"wp:featuredmedia":[{"embeddable":true,"href":"https:\/\/areabadalona.com\/diario\/wp-json\/wp\/v2\/media\/2968"}],"wp:attachment":[{"href":"https:\/\/areabadalona.com\/diario\/wp-json\/wp\/v2\/media?parent=2967"}],"wp:term":[{"taxonomy":"category","embeddable":true,"href":"https:\/\/areabadalona.com\/diario\/wp-json\/wp\/v2\/categories?post=2967"},{"taxonomy":"post_tag","embeddable":true,"href":"https:\/\/areabadalona.com\/diario\/wp-json\/wp\/v2\/tags?post=2967"}],"curies":[{"name":"wp","href":"https:\/\/api.w.org\/{rel}","templated":true}]}}