{"id":2964,"date":"2022-01-25T10:13:41","date_gmt":"2022-01-25T10:13:41","guid":{"rendered":"http:\/\/areabadalona.com\/diario\/?p=2964"},"modified":"2022-01-25T10:13:43","modified_gmt":"2022-01-25T10:13:43","slug":"lajuntament-de-badalona-contracta-de-forma-urgent-12-oficials-dofici-per-les-escoles-publiques-de-la-ciutat","status":"publish","type":"post","link":"https:\/\/areabadalona.com\/diario\/2022\/01\/25\/lajuntament-de-badalona-contracta-de-forma-urgent-12-oficials-dofici-per-les-escoles-publiques-de-la-ciutat\/","title":{"rendered":"L&#8217;Ajuntament de Badalona contracta de forma urgent 12 oficials d&#8217;ofici per les escoles p\u00fabliques de la ciutat"},"content":{"rendered":"\n<p>L&#8217;Ajuntament de Badalona ha contractat mitjan\u00e7ant un procediment d\u2019urg\u00e8ncia 12 oficials d&#8217;ofici per donar servei a les escoles p\u00fabliques de la ciutat i donar resposta a les demandes de la comunitat educativa. Amb la contractaci\u00f3 d\u2019aquestes persones, que formen part de la borsa de treball, es podran cobrir de manera immediata les vacants que hi ha als centres i es donar\u00e0 resposta a totes les baixes laborals que es produeixin. Alhora, es dotar\u00e0 amb m\u00e9s efectius la brigada de manteniment per afrontar les necessitats de conservaci\u00f3 i petita reparaci\u00f3 a les escoles p\u00fabliques. Es preveu que els dotze nous oficials d\u2019ofici s\u2019incorporin a mitjans del mes de febrer.&nbsp;<\/p>\n\n\n\n<p>La segona tinenta d&#8217;alcaldia i regidora de l\u2019\u00c0mbit d\u2019Educaci\u00f3, Feminismes i LGTBIQ+, Ciutadania, Participaci\u00f3 i Agenda 2030, A\u00efda Llaurad\u00f3, ha assegurat que la \u201cincorporaci\u00f3 de m\u00e9s personal i l\u2019augment dels recursos de les escoles p\u00fabliques de la ciutat \u00e9s una de les prioritats d\u2019aquest govern\u201d. Llaurad\u00f3 ha valorat les noves contractacions positivament i ha explicat que \u00abs&#8217;han aconseguit gr\u00e0cies a un intens treball amb Recursos Humans de l\u2019Ajuntament, amb qui continuarem buscant f\u00f3rmules per consolidar aquesta brigada municipal\u00bb. La regidora ha destacat que \u00abla incorporaci\u00f3 d\u2019aquestes dotze persones alleujar\u00e0 molt la feina dels centres educatius que fa tant de temps que gestionen urg\u00e8ncies i que han vist com les tasques s\u2019intensificaven amb la gesti\u00f3 de la pand\u00e8mia\u201d.&nbsp;<\/p>\n","protected":false},"excerpt":{"rendered":"<p>L&#8217;Ajuntament de Badalona ha contractat mitjan\u00e7ant un procediment d\u2019urg\u00e8ncia 12 oficials d&#8217;ofici per donar servei a les escoles p\u00fabliques de la ciutat i donar resposta a les demandes de la comunitat educativa. Amb la contractaci\u00f3 d\u2019aquestes persones, que formen part de la borsa de treball, es podran cobrir de manera immediata les vacants que hi [&hellip;]<\/p>\n","protected":false},"author":2,"featured_media":2965,"comment_status":"open","ping_status":"open","sticky":false,"template":"","format":"standard","meta":{"footnotes":""},"categories":[23,24],"tags":[],"class_list":{"0":"post-2964","1":"post","2":"type-post","3":"status-publish","4":"format-standard","5":"has-post-thumbnail","7":"category-actualitat","8":"category-societat"},"_links":{"self":[{"href":"https:\/\/areabadalona.com\/diario\/wp-json\/wp\/v2\/posts\/2964","targetHints":{"allow":["GET"]}}],"collection":[{"href":"https:\/\/areabadalona.com\/diario\/wp-json\/wp\/v2\/posts"}],"about":[{"href":"https:\/\/areabadalona.com\/diario\/wp-json\/wp\/v2\/types\/post"}],"author":[{"embeddable":true,"href":"https:\/\/areabadalona.com\/diario\/wp-json\/wp\/v2\/users\/2"}],"replies":[{"embeddable":true,"href":"https:\/\/areabadalona.com\/diario\/wp-json\/wp\/v2\/comments?post=2964"}],"version-history":[{"count":1,"href":"https:\/\/areabadalona.com\/diario\/wp-json\/wp\/v2\/posts\/2964\/revisions"}],"predecessor-version":[{"id":2966,"href":"https:\/\/areabadalona.com\/diario\/wp-json\/wp\/v2\/posts\/2964\/revisions\/2966"}],"wp:featuredmedia":[{"embeddable":true,"href":"https:\/\/areabadalona.com\/diario\/wp-json\/wp\/v2\/media\/2965"}],"wp:attachment":[{"href":"https:\/\/areabadalona.com\/diario\/wp-json\/wp\/v2\/media?parent=2964"}],"wp:term":[{"taxonomy":"category","embeddable":true,"href":"https:\/\/areabadalona.com\/diario\/wp-json\/wp\/v2\/categories?post=2964"},{"taxonomy":"post_tag","embeddable":true,"href":"https:\/\/areabadalona.com\/diario\/wp-json\/wp\/v2\/tags?post=2964"}],"curies":[{"name":"wp","href":"https:\/\/api.w.org\/{rel}","templated":true}]}}