{"id":2961,"date":"2022-01-24T10:02:00","date_gmt":"2022-01-24T10:02:00","guid":{"rendered":"http:\/\/areabadalona.com\/diario\/?p=2961"},"modified":"2022-01-25T10:03:13","modified_gmt":"2022-01-25T10:03:13","slug":"sobren-les-inscripcions-per-formar-part-del-consell-de-prevencio-i-seguretat-ciutadana-de-badalona-a-titol-individual","status":"publish","type":"post","link":"https:\/\/areabadalona.com\/diario\/2022\/01\/24\/sobren-les-inscripcions-per-formar-part-del-consell-de-prevencio-i-seguretat-ciutadana-de-badalona-a-titol-individual\/","title":{"rendered":"S\u2019obren les inscripcions per formar part del Consell de Prevenci\u00f3 i Seguretat Ciutadana de Badalona a t\u00edtol individual"},"content":{"rendered":"\n<p>Aquest dilluns 24 de gener s\u2019obre el termini d\u2019inscripcions per formar part del Consell de Prevenci\u00f3 i Seguretat Ciutadana de Badalona (CPSCB) a t\u00edtol individual. El Consell \u00e9s un \u00f2rgan consultiu de l\u2019Ajuntament que t\u00e9 la voluntat de socialitzar i democratitzar la discussi\u00f3 sobre la seguretat a la ciutat, fent coincidir en un mateix espai als representants pol\u00edtics i aquells altres actors implicats en la producci\u00f3 de seguretat ciutadana. El Consell estar\u00e0 format, entre d\u2019altres, per l\u2019alcalde de Badalona, representants de tots els partits pol\u00edtics del consistori, t\u00e8cnics municipals que treballen en els diferents \u00e0mbits de la seguretat, representants de Mossos d\u2019Esquadra, Gu\u00e0rdia Urbana i Policia Nacional, representants de les diferents associacions i entitats de la ciutat i les persones a t\u00edtol individual que es tri\u00efn per sorteig. &nbsp;<\/p>\n\n\n\n<p>Per ser una de les persones individuals que formen part d\u2019aquest \u00f2rgan, els interessats poden fer les seves sol\u00b7licituds fins al pr\u00f2xim 31 de gener en el seg\u00fcent enlla\u00e7:&nbsp;<\/p>\n\n\n\n<figure class=\"wp-block-embed\"><div class=\"wp-block-embed__wrapper\">\nhttps:\/\/badalona-cat.zoom.us\/meeting\/register\/tZwkc-iopzwoEt2Px0X7MrLQ9MFZ3vt3KmGK\n<\/div><\/figure>\n\n\n\n<p>Un cop es tanqui el termini d\u2019inscripcions es far\u00e0 un sorteig entre les persones que hagin completat la petici\u00f3 per triar qui forma part finalment del CPSCB.&nbsp;<\/p>\n\n\n\n<p>La creaci\u00f3 del Consell de Prevenci\u00f3 i Seguretat Ciutadana de Badalona va ser aprovat pel Ple de l\u2019Ajuntament de Badalona amb el vot favorable de tots els grups municipals amb l\u2019objectiu de dotar de m\u00e9s transpar\u00e8ncia als problemes que sorgeixin di\u00e0riament a la ciutat i posar sobre la taula el treball que realitzen els cossos i forces de seguretat a Badalona i, especialment, la Gu\u00e0rdia Urbana. En aquest sentit, es pret\u00e9n que el CPSCB sigui un f\u00f2rum:&nbsp;<\/p>\n\n\n\n<p>\u2022 Constructiu i pedag\u00f2gic de la tasca que fa la policia de Badalona i la resta de cossos policials.&nbsp;<\/p>\n\n\n\n<p>\u2022 Que apropi el treball de la Gu\u00e0rdia Urbana a les entitats socials de la ciutat i que aquestes, a la vegada, puguin transmetre les seves inquietuds als responsables policials.&nbsp;<\/p>\n\n\n\n<p>\u2022 Que la ciutadania vegi i percebi el servei de prevenci\u00f3 i seguretat que ofereixen totes les policies com a pr\u00f2xims i no aliens al seu dia a dia.&nbsp;<\/p>\n\n\n\n<p>\u2022 Que es pugui generar un debat ric en continguts sobre les necessitats de Badalona.&nbsp;<\/p>\n\n\n\n<p>\u2022 Que es pugui fer valdre en valor la hist\u00f2ria i la labor del cos i de tots els agents de la Gu\u00e0rdia Urbana de Badalona.&nbsp;<\/p>\n","protected":false},"excerpt":{"rendered":"<p>Aquest dilluns 24 de gener s\u2019obre el termini d\u2019inscripcions per formar part del Consell de Prevenci\u00f3 i Seguretat Ciutadana de Badalona (CPSCB) a t\u00edtol individual. El Consell \u00e9s un \u00f2rgan consultiu de l\u2019Ajuntament que t\u00e9 la voluntat de socialitzar i democratitzar la discussi\u00f3 sobre la seguretat a la ciutat, fent coincidir en un mateix espai [&hellip;]<\/p>\n","protected":false},"author":2,"featured_media":2962,"comment_status":"open","ping_status":"open","sticky":false,"template":"","format":"standard","meta":{"footnotes":""},"categories":[23,24],"tags":[],"class_list":{"0":"post-2961","1":"post","2":"type-post","3":"status-publish","4":"format-standard","5":"has-post-thumbnail","7":"category-actualitat","8":"category-societat"},"_links":{"self":[{"href":"https:\/\/areabadalona.com\/diario\/wp-json\/wp\/v2\/posts\/2961","targetHints":{"allow":["GET"]}}],"collection":[{"href":"https:\/\/areabadalona.com\/diario\/wp-json\/wp\/v2\/posts"}],"about":[{"href":"https:\/\/areabadalona.com\/diario\/wp-json\/wp\/v2\/types\/post"}],"author":[{"embeddable":true,"href":"https:\/\/areabadalona.com\/diario\/wp-json\/wp\/v2\/users\/2"}],"replies":[{"embeddable":true,"href":"https:\/\/areabadalona.com\/diario\/wp-json\/wp\/v2\/comments?post=2961"}],"version-history":[{"count":1,"href":"https:\/\/areabadalona.com\/diario\/wp-json\/wp\/v2\/posts\/2961\/revisions"}],"predecessor-version":[{"id":2963,"href":"https:\/\/areabadalona.com\/diario\/wp-json\/wp\/v2\/posts\/2961\/revisions\/2963"}],"wp:featuredmedia":[{"embeddable":true,"href":"https:\/\/areabadalona.com\/diario\/wp-json\/wp\/v2\/media\/2962"}],"wp:attachment":[{"href":"https:\/\/areabadalona.com\/diario\/wp-json\/wp\/v2\/media?parent=2961"}],"wp:term":[{"taxonomy":"category","embeddable":true,"href":"https:\/\/areabadalona.com\/diario\/wp-json\/wp\/v2\/categories?post=2961"},{"taxonomy":"post_tag","embeddable":true,"href":"https:\/\/areabadalona.com\/diario\/wp-json\/wp\/v2\/tags?post=2961"}],"curies":[{"name":"wp","href":"https:\/\/api.w.org\/{rel}","templated":true}]}}