{"id":2958,"date":"2022-01-24T19:21:00","date_gmt":"2022-01-24T19:21:00","guid":{"rendered":"http:\/\/areabadalona.com\/diario\/?p=2958"},"modified":"2022-01-25T09:23:05","modified_gmt":"2022-01-25T09:23:05","slug":"conferencia-sobre-el-pla-secret-per-fer-un-desembarcament-a-badalona-durant-la-ii-guerra-mundial-al-museu","status":"publish","type":"post","link":"https:\/\/areabadalona.com\/diario\/2022\/01\/24\/conferencia-sobre-el-pla-secret-per-fer-un-desembarcament-a-badalona-durant-la-ii-guerra-mundial-al-museu\/","title":{"rendered":"Confer\u00e8ncia sobre el pla secret per fer un desembarcament a Badalona durant la II Guerra Mundial al Museu"},"content":{"rendered":"\n<p>Neutralitzar el r\u00e8gim franquista durant la Segona Guerra Mundial sempre va ser una opci\u00f3 dels aliats. Els nord-americans, per\u00f2, van ser els qui la van considerar amb m\u00e9s for\u00e7a, fins al punt que van tra\u00e7ar un pla per desembarcar a la costa catalana l\u2019estiu del 1944, utilitzant Badalona com a porta d\u2019entrada de les seves tropes. Com \u00e9s que, finalment, l\u2019Operaci\u00f3 Dragoon \u2013que aix\u00ed es va batejar- es va dur a terme al sud de Fran\u00e7a?. Aquesta i algunes altres q\u00fcestions d\u2019estrat\u00e8gia pol\u00edtica seran abordades per Pere S. Argila, durant la confer\u00e8ncia que tindr\u00e0 lloc al Museu de Badalona aquest dimarts 25 de gener a partir de les 19 hores.&nbsp;<\/p>\n\n\n\n<p>La investigaci\u00f3 ha estat possible gr\u00e0cies als expedients consultats als Arxius de les Forces A\u00e8ries nord-americanes, als Arxius Nacionals dels Estats Units i als Arxius Nacionals de Regne Unit. Dem\u00e0, simult\u00e0niament a la confer\u00e8ncia, la investigaci\u00f3 de S.Argila apareixer\u00e0 a l\u2019\u00faltim n\u00famero de la Revista S\u00e0piens.&nbsp;<\/p>\n\n\n\n<p>La&nbsp; confer\u00e8ncia nom\u00e9s es podr\u00e0 seguir de manera presencial. Cal reservar les entrades al web del Museu de Badalona <a href=\"https:\/\/www.museudebadalona.cat\">https:\/\/www.museudebadalona.cat<\/a>&nbsp; &nbsp;<\/p>\n","protected":false},"excerpt":{"rendered":"<p>Neutralitzar el r\u00e8gim franquista durant la Segona Guerra Mundial sempre va ser una opci\u00f3 dels aliats. Els nord-americans, per\u00f2, van ser els qui la van considerar amb m\u00e9s for\u00e7a, fins al punt que van tra\u00e7ar un pla per desembarcar a la costa catalana l\u2019estiu del 1944, utilitzant Badalona com a porta d\u2019entrada de les seves [&hellip;]<\/p>\n","protected":false},"author":2,"featured_media":2959,"comment_status":"open","ping_status":"open","sticky":false,"template":"","format":"standard","meta":{"footnotes":""},"categories":[23,25],"tags":[],"class_list":{"0":"post-2958","1":"post","2":"type-post","3":"status-publish","4":"format-standard","5":"has-post-thumbnail","7":"category-actualitat","8":"category-cultura"},"_links":{"self":[{"href":"https:\/\/areabadalona.com\/diario\/wp-json\/wp\/v2\/posts\/2958","targetHints":{"allow":["GET"]}}],"collection":[{"href":"https:\/\/areabadalona.com\/diario\/wp-json\/wp\/v2\/posts"}],"about":[{"href":"https:\/\/areabadalona.com\/diario\/wp-json\/wp\/v2\/types\/post"}],"author":[{"embeddable":true,"href":"https:\/\/areabadalona.com\/diario\/wp-json\/wp\/v2\/users\/2"}],"replies":[{"embeddable":true,"href":"https:\/\/areabadalona.com\/diario\/wp-json\/wp\/v2\/comments?post=2958"}],"version-history":[{"count":1,"href":"https:\/\/areabadalona.com\/diario\/wp-json\/wp\/v2\/posts\/2958\/revisions"}],"predecessor-version":[{"id":2960,"href":"https:\/\/areabadalona.com\/diario\/wp-json\/wp\/v2\/posts\/2958\/revisions\/2960"}],"wp:featuredmedia":[{"embeddable":true,"href":"https:\/\/areabadalona.com\/diario\/wp-json\/wp\/v2\/media\/2959"}],"wp:attachment":[{"href":"https:\/\/areabadalona.com\/diario\/wp-json\/wp\/v2\/media?parent=2958"}],"wp:term":[{"taxonomy":"category","embeddable":true,"href":"https:\/\/areabadalona.com\/diario\/wp-json\/wp\/v2\/categories?post=2958"},{"taxonomy":"post_tag","embeddable":true,"href":"https:\/\/areabadalona.com\/diario\/wp-json\/wp\/v2\/tags?post=2958"}],"curies":[{"name":"wp","href":"https:\/\/api.w.org\/{rel}","templated":true}]}}