{"id":2955,"date":"2022-01-21T16:22:00","date_gmt":"2022-01-21T16:22:00","guid":{"rendered":"http:\/\/areabadalona.com\/diario\/?p=2955"},"modified":"2022-01-24T09:32:10","modified_gmt":"2022-01-24T09:32:10","slug":"el-conseller-deducacio-josep-gonzalez-cambray-es-reuneix-amb-la-comunitat-educativa-de-badalona","status":"publish","type":"post","link":"https:\/\/areabadalona.com\/diario\/2022\/01\/21\/el-conseller-deducacio-josep-gonzalez-cambray-es-reuneix-amb-la-comunitat-educativa-de-badalona\/","title":{"rendered":"El Conseller d\u2019Educaci\u00f3, Josep Gonz\u00e0lez Cambray, es reuneix amb la comunitat educativa de Badalona"},"content":{"rendered":"\n<p>El conseller d\u2019Educaci\u00f3 de la Generalitat de Catalunya, Josep Gonz\u00e0lez\u2013Cambray i la directora dels Serveis Territorials d\u2019Educaci\u00f3 a Barcelona- Comarques, S\u00edlvia Ortiz, acompanyat de l\u2019alcalde de Badalona, Rub\u00e9n Guijarro, i de la segona tinenta d\u2019alcaldia A\u00efda Llaurad\u00f3, ha mantingut aquest mati una reuni\u00f3 amb directores i directors dels diferents centres educatius de Badalona que ha tingut lloc a la Glorieta del parc de Can Solei i Ca l\u2019Arn\u00fas. En aquesta trobada els representants de la comunitat educativa han traslladat al m\u00e0xim responsable d\u2019Educaci\u00f3 les principals dificultats i reptes que han d\u2019afrontar di\u00e0riament, especialment per la situaci\u00f3 ocasionada per la pand\u00e8mia de la Covid-19 i la necessitat de millorar les instal\u00b7lacions dels centres educatius.&nbsp;<\/p>\n\n\n\n<p>L\u2019alcalde de Badalona, Rub\u00e9n Guijarro; ha expressat \u201cque en aquesta trobada hem volgut agrair l\u2019esfor\u00e7 de tota la comunitat educativa davant la superaci\u00f3 de les dificultats, agreujades durant els darrers dos anys per l\u2019emerg\u00e8ncia sanit\u00e0ria\u201d. L\u2019alcalde s\u2019ha mostrat satisfet per la visita del conseller \u201ccom una mostra m\u00e9s de normalitat institucional, de situar Badalona en el cam\u00ed de solucionar reptes com ara la construcci\u00f3 de nous centres educatius, que tenim pendents des de fa massa temps\u201d.&nbsp;<\/p>\n\n\n\n<p>En aquest sentit, el conseller d\u2019Educaci\u00f3 de la Generalitat de Catalunya, Josep Gonz\u00e0lez\u2013Cambray, ha assegurat que \u201cdisposem de les dotacions econ\u00f2miques necess\u00e0ries per a les construccions de dos nous instituts a la ciutat \u2013La Riera i Ventura Gassol- i de dues escoles \u2013Badalona Port i Vent\u00f3s Mir- en una aposta important\u00edssima per pal\u00b7liar el d\u00e8ficit constructiu de centres d\u2019educaci\u00f3 que pateix Badalona\u201d.&nbsp;<\/p>\n\n\n\n<p>La segona tinenta d\u2019alcaldia i regidora de l\u2019\u00c0mbit d\u2019Educaci\u00f3, Feminisme i LGTBIQ+, Ciutadania, Participaci\u00f3 i Agenda 2030, de l\u2019Ajuntament de Badalona, A\u00efda Llaurad\u00f3, ha qualificat de \u201cmolt bona not\u00edcia que es comenci ja la licitaci\u00f3 de la Riera, per\u00f2 hem reclamat al conseller la redacci\u00f3 del projecte per a la construcci\u00f3 de la nova escola Montigal\u00e0 i tamb\u00e9 que cal estr\u00e8nyer la col\u00b7laboraci\u00f3 entre Departament i la regidoria per donar suport a les necessitats dels centres educatius\u201d. Llaurad\u00f3 tamb\u00e9 ha traslladat al conseller la petici\u00f3 de la gratu\u00eftat de les escoles bressol a partir dels dos anys i ha demanat millorar m\u00e9s col\u00b7laboraci\u00f3 entre Educaci\u00f3 i serveis socials per a reduir l\u2019absentisme escolar\u201d.&nbsp;<\/p>\n\n\n\n<p><strong>Visita institucional&nbsp;<\/strong><\/p>\n\n\n\n<p>Pr\u00e8viament a la trobada amb la comunitat educativa, el conseller d\u2019Educaci\u00f3 de la Generalitat de Catalunya, Josep Gonz\u00e0lez\u2013Cambray, ha mantingut a la Casa de la Vila una reuni\u00f3 amb l\u2019alcalde i la segona tinenta d\u2019alcaldia i regidora de l\u2019\u00c0mbit d\u2019Educaci\u00f3. Posteriorment, el conseller ha signat al Llibre d\u2019honor i ha saludat als representants dels diferents grups municipals reunits al Sal\u00f3 de Plens.&nbsp;<\/p>\n","protected":false},"excerpt":{"rendered":"<p>El conseller d\u2019Educaci\u00f3 de la Generalitat de Catalunya, Josep Gonz\u00e0lez\u2013Cambray i la directora dels Serveis Territorials d\u2019Educaci\u00f3 a Barcelona- Comarques, S\u00edlvia Ortiz, acompanyat de l\u2019alcalde de Badalona, Rub\u00e9n Guijarro, i de la segona tinenta d\u2019alcaldia A\u00efda Llaurad\u00f3, ha mantingut aquest mati una reuni\u00f3 amb directores i directors dels diferents centres educatius de Badalona que ha [&hellip;]<\/p>\n","protected":false},"author":2,"featured_media":2956,"comment_status":"open","ping_status":"open","sticky":false,"template":"","format":"standard","meta":{"footnotes":""},"categories":[23],"tags":[],"class_list":{"0":"post-2955","1":"post","2":"type-post","3":"status-publish","4":"format-standard","5":"has-post-thumbnail","7":"category-actualitat"},"_links":{"self":[{"href":"https:\/\/areabadalona.com\/diario\/wp-json\/wp\/v2\/posts\/2955","targetHints":{"allow":["GET"]}}],"collection":[{"href":"https:\/\/areabadalona.com\/diario\/wp-json\/wp\/v2\/posts"}],"about":[{"href":"https:\/\/areabadalona.com\/diario\/wp-json\/wp\/v2\/types\/post"}],"author":[{"embeddable":true,"href":"https:\/\/areabadalona.com\/diario\/wp-json\/wp\/v2\/users\/2"}],"replies":[{"embeddable":true,"href":"https:\/\/areabadalona.com\/diario\/wp-json\/wp\/v2\/comments?post=2955"}],"version-history":[{"count":1,"href":"https:\/\/areabadalona.com\/diario\/wp-json\/wp\/v2\/posts\/2955\/revisions"}],"predecessor-version":[{"id":2957,"href":"https:\/\/areabadalona.com\/diario\/wp-json\/wp\/v2\/posts\/2955\/revisions\/2957"}],"wp:featuredmedia":[{"embeddable":true,"href":"https:\/\/areabadalona.com\/diario\/wp-json\/wp\/v2\/media\/2956"}],"wp:attachment":[{"href":"https:\/\/areabadalona.com\/diario\/wp-json\/wp\/v2\/media?parent=2955"}],"wp:term":[{"taxonomy":"category","embeddable":true,"href":"https:\/\/areabadalona.com\/diario\/wp-json\/wp\/v2\/categories?post=2955"},{"taxonomy":"post_tag","embeddable":true,"href":"https:\/\/areabadalona.com\/diario\/wp-json\/wp\/v2\/tags?post=2955"}],"curies":[{"name":"wp","href":"https:\/\/api.w.org\/{rel}","templated":true}]}}