{"id":2950,"date":"2022-01-20T19:38:00","date_gmt":"2022-01-20T19:38:00","guid":{"rendered":"http:\/\/areabadalona.com\/diario\/?p=2950"},"modified":"2022-01-21T10:12:36","modified_gmt":"2022-01-21T10:12:36","slug":"condemnat-a-cinc-anys-i-nou-mesos-de-preso-el-conductor-que-va-provocar-un-accident-amb-dues-victimes-mortals-a-badalona-i-va-fugir-de-la-policia","status":"publish","type":"post","link":"https:\/\/areabadalona.com\/diario\/2022\/01\/20\/condemnat-a-cinc-anys-i-nou-mesos-de-preso-el-conductor-que-va-provocar-un-accident-amb-dues-victimes-mortals-a-badalona-i-va-fugir-de-la-policia\/","title":{"rendered":"Condemnat a cinc anys i nou mesos de pres\u00f3 el conductor que va provocar un accident amb dues v\u00edctimes mortals a Badalona i va fugir de la policia"},"content":{"rendered":"\n<p>L\u2019Audi\u00e8ncia de Barcelona ha condemnat a cinc anys i nou mesos de pres\u00f3 el conductor que va provocar un accident amb dues v\u00edctimes mortals a Badalona i va fugir de la policia el mes de mar\u00e7 de 2020. La investigaci\u00f3 d\u2019aquest cas va ser assumida plenament pel cos de la Gu\u00e0rdia Urbana de Badalona, qui va aplicar en la instrucci\u00f3 de l\u2019atestat policial una innovadora t\u00e8cnica de reconstrucci\u00f3 i esclariments de sinistres viaris: l\u2019estudi del EDR (Event Data Recorder).&nbsp;<\/p>\n\n\n\n<p>L\u2019EDR (Event Data Recorder), conegut com la \u201ccaixa negra\u201d dels autom\u00f2bils, \u00e9s un element del qual actualment disposen tots els vehicles incorporat al sistema \u201cAirbag\u201d i que registra de forma constant la velocitat, acceleraci\u00f3, accionament del pedal del fre, moviments del volant i altres par\u00e0metres de seguretat. En cas de col\u00b7lisi\u00f3, aquestes dades queden registrades. &nbsp;<\/p>\n\n\n\n<p>En el sinistre ocorregut a Badalona que acaba de ser jutjat, les dades emmagatzemades van ser de vital import\u00e0ncia per poder efectuar la reconstrucci\u00f3 de l\u2019accident a la instrucci\u00f3 de l\u2019atestat policial i poder aportar-les posteriorment com a elements probatoris per al judici. Per efectuar l\u2019extracci\u00f3 de les dades es va utilitzar una eina electr\u00f2nica que van permetre imputar al condemnat els delictes d\u2019homicidi per imprud\u00e8ncia greu, conducci\u00f3 temer\u00e0ria i conducci\u00f3 a una velocitat punible. Tamb\u00e9 va ser acusat i posteriorment condemnat per conducci\u00f3 sota els efectes de l\u2019alcohol i drogues, resist\u00e8ncia i desobedi\u00e8ncia als agents de l\u2019autoritat i&nbsp; abandonament del lloc de l\u2019accident.&nbsp;<\/p>\n\n\n\n<p>La caixa negra dels autom\u00f2bils \u00e9s un element molt important i eficient per determinar la naturalesa dels sinistres viaris. Tant \u00e9s aix\u00ed que a partir d\u2019aquest any 2022 a la Uni\u00f3 Europea ser\u00e0 obligat\u00f2ria la implantaci\u00f3 per a tots els nous models de vehicles.&nbsp;<\/p>\n\n\n\n<p>Aquest \u00e9s el tercer judici en qu\u00e8 s\u2019admet a tr\u00e0mit aquest sistema probatori a l\u2019estat espanyol en aplicaci\u00f3 de la darrera reforma del Codi Penal aplicable als homicidis imprudents i el primer cas registrat a Catalunya. La sentencia dictada en aquest judici, doncs, \u00e9s la primera en la qual el jutge ha pogut disposar d\u2019un element probatori basat en aquesta nova eina tecnol\u00f2gica, que li ha perm\u00e8s analitzar les dades t\u00e8cniques i valorar l\u2019actuaci\u00f3 del conductor i el comportament del vehicle en els 30 segons previs i els 5 segons posteriors a l\u2019impacte que va generar les dues v\u00edctimes mortals.&nbsp;<\/p>\n\n\n\n<p>La Gu\u00e0rdia Urbana de Badalona vol expressar el seu respecte i la seva solidaritat amb els familiars de les v\u00edctimes d\u2019aquest tr\u00e0gic succ\u00e9s. El cos policial badalon\u00ed seguir\u00e0 apostant decididament per la utilitzaci\u00f3 de les noves tecnologies en l\u2019\u00e0mbit de la seguretat per oferir a la ciutadania la m\u00e0xima efici\u00e8ncia en el servei policial. &nbsp;<\/p>\n\n\n\n<p><strong>Els fets&nbsp;<\/strong><\/p>\n\n\n\n<p>El dia&nbsp; de mar\u00e7 de 2020 dues persones que circulaven en motocicleta van perdre la vida despr\u00e9s de ser envestits per un vehicle que fugia d\u2019un control del cos de Mossos d\u2019Esquadra per un carrer principal de Badalona a una velocitat superior als 130 kil\u00f2metres per hora. El responsable de l\u2019accident, que acumulava m\u00faltiples antecedents i condu\u00efa sense disposar de punts, va continuar la fugida a peu i posteriorment va poder ser detingut a l\u2019interior d\u2019un bar de la zona. Posteriorment es va comprovar que condu\u00efa sota els efectes tant de l\u2019alcohol com subst\u00e0ncies estupefaents.&nbsp;<\/p>\n","protected":false},"excerpt":{"rendered":"<p>L\u2019Audi\u00e8ncia de Barcelona ha condemnat a cinc anys i nou mesos de pres\u00f3 el conductor que va provocar un accident amb dues v\u00edctimes mortals a Badalona i va fugir de la policia el mes de mar\u00e7 de 2020. La investigaci\u00f3 d\u2019aquest cas va ser assumida plenament pel cos de la Gu\u00e0rdia Urbana de Badalona, qui [&hellip;]<\/p>\n","protected":false},"author":2,"featured_media":1895,"comment_status":"open","ping_status":"open","sticky":false,"template":"","format":"standard","meta":{"footnotes":""},"categories":[23,24],"tags":[],"class_list":{"0":"post-2950","1":"post","2":"type-post","3":"status-publish","4":"format-standard","5":"has-post-thumbnail","7":"category-actualitat","8":"category-societat"},"_links":{"self":[{"href":"https:\/\/areabadalona.com\/diario\/wp-json\/wp\/v2\/posts\/2950","targetHints":{"allow":["GET"]}}],"collection":[{"href":"https:\/\/areabadalona.com\/diario\/wp-json\/wp\/v2\/posts"}],"about":[{"href":"https:\/\/areabadalona.com\/diario\/wp-json\/wp\/v2\/types\/post"}],"author":[{"embeddable":true,"href":"https:\/\/areabadalona.com\/diario\/wp-json\/wp\/v2\/users\/2"}],"replies":[{"embeddable":true,"href":"https:\/\/areabadalona.com\/diario\/wp-json\/wp\/v2\/comments?post=2950"}],"version-history":[{"count":1,"href":"https:\/\/areabadalona.com\/diario\/wp-json\/wp\/v2\/posts\/2950\/revisions"}],"predecessor-version":[{"id":2951,"href":"https:\/\/areabadalona.com\/diario\/wp-json\/wp\/v2\/posts\/2950\/revisions\/2951"}],"wp:featuredmedia":[{"embeddable":true,"href":"https:\/\/areabadalona.com\/diario\/wp-json\/wp\/v2\/media\/1895"}],"wp:attachment":[{"href":"https:\/\/areabadalona.com\/diario\/wp-json\/wp\/v2\/media?parent=2950"}],"wp:term":[{"taxonomy":"category","embeddable":true,"href":"https:\/\/areabadalona.com\/diario\/wp-json\/wp\/v2\/categories?post=2950"},{"taxonomy":"post_tag","embeddable":true,"href":"https:\/\/areabadalona.com\/diario\/wp-json\/wp\/v2\/tags?post=2950"}],"curies":[{"name":"wp","href":"https:\/\/api.w.org\/{rel}","templated":true}]}}