{"id":2947,"date":"2022-01-20T21:30:00","date_gmt":"2022-01-20T21:30:00","guid":{"rendered":"http:\/\/areabadalona.com\/diario\/?p=2947"},"modified":"2022-01-21T09:33:52","modified_gmt":"2022-01-21T09:33:52","slug":"presentat-el-pla-de-govern-municipal-2021-2023-per-reconstruir-i-impulsar-la-ciutat-en-lambit-economic-i-social","status":"publish","type":"post","link":"https:\/\/areabadalona.com\/diario\/2022\/01\/20\/presentat-el-pla-de-govern-municipal-2021-2023-per-reconstruir-i-impulsar-la-ciutat-en-lambit-economic-i-social\/","title":{"rendered":"Presentat el Pla de Govern municipal 2021-2023 per reconstruir i impulsar la ciutat en l\u2019\u00e0mbit econ\u00f2mic i social"},"content":{"rendered":"\n<p>L\u2019alcalde Rub\u00e9n Guijarro, juntament amb tots els regidors i regidores del Govern de Badalona, han fet aquest dijous una audi\u00e8ncia p\u00fablica telem\u00e0tica oberta a tota la ciutadania per donar a con\u00e8ixer Pla de Govern municipal 2021-2023. El Pla est\u00e0 centrat en la reconstrucci\u00f3 i l\u2019impuls de la ciutat en l\u2019\u00e0mbit econ\u00f2mic i social. Aquest full de ruta est\u00e0 basat en una s\u00e8rie de compromisos i estableix els eixos, les l\u00ednies de treball, els objectius i les accions que el Govern municipal executar\u00e0 per recuperar l\u2019orgull de ciutat, l\u2019exemplaritat institucional i la dignitat de Badalona.&nbsp;<\/p>\n\n\n\n<p><strong>Els 10 compromisos&nbsp;<\/strong><\/p>\n\n\n\n<ul class=\"wp-block-list\"><li>Recuperar la dignitat de Badalona, l\u2019exemplaritat de les institucions p\u00fabliques i l\u2019orgull de ciutat&nbsp;<\/li><\/ul>\n\n\n\n<ul class=\"wp-block-list\"><li>Govern exemple d\u2019entesa, pluralitat i projecte compartit centrat \u00fanicament en Badalona. Mantenint la neutralitat institucional en q\u00fcestions supramunicipals&nbsp;<\/li><\/ul>\n\n\n\n<ul class=\"wp-block-list\"><li>Acci\u00f3 pol\u00edtica en conson\u00e0ncia amb els objectius de l\u2019Agenda 2030&nbsp;<\/li><\/ul>\n\n\n\n<ul class=\"wp-block-list\"><li>Fer de Badalona una ciutat feminista&nbsp;<\/li><\/ul>\n\n\n\n<ul class=\"wp-block-list\"><li>Fer de Badalona una ciutat ambientalment sostenible&nbsp;<\/li><\/ul>\n\n\n\n<ul class=\"wp-block-list\"><li>Fer de Badalona una ciutat neta&nbsp;<\/li><\/ul>\n\n\n\n<ul class=\"wp-block-list\"><li>Fer de Badalona una ciutat segura&nbsp;<\/li><\/ul>\n\n\n\n<ul class=\"wp-block-list\"><li>Fer de Badalona una ciutat on l\u2019educaci\u00f3 sigui motor de generacions d\u2019oportunitats&nbsp;<\/li><\/ul>\n\n\n\n<ul class=\"wp-block-list\"><li>Fer de Badalona una ciutat que defensi el seu patrimoni cultural&nbsp;<\/li><\/ul>\n\n\n\n<ul class=\"wp-block-list\"><li>Sortir tots junts i totes juntes de la greu crisi econ\u00f2mica, social i sanit\u00e0ria generada per la pand\u00e8mia de la COVID 19&nbsp;<\/li><\/ul>\n\n\n\n<p><strong>Eix 1 Bona Governan\u00e7a&nbsp;<\/strong><\/p>\n\n\n\n<p>T\u00e9 14 objectius i 40 accions com l\u2019impuls dels fons europeus, la modernitzaci\u00f3 de l\u2019administraci\u00f3 municipal i la creaci\u00f3 d\u2019una Oficina Pressupost\u00e0ria.&nbsp;<\/p>\n\n\n\n<p><strong>Eix 2 Drets Socials i Feminismes&nbsp;<\/strong><\/p>\n\n\n\n<p>Les l\u00ednies de treball s\u00f3n les seg\u00fcents: Ciutat Saludable, Benestar Animal, Feminismes i LGTBIQ+, Acci\u00f3 Social i Atenci\u00f3 a les Persones, Gent Gran i Joventut. T\u00e9 31 objectius i 86 accions com el desplegament del model de salut mental comunitari, la posada en marxa del CAP del Gorg, l\u2019elaboraci\u00f3 de l\u2019Ordenan\u00e7a municipal de tinen\u00e7a d\u2019animals i l\u2019actualitzaci\u00f3 del Protocol municipal d\u2019actuaci\u00f3 contra la viol\u00e8ncia masclista.&nbsp;<\/p>\n\n\n\n<p><strong>Eix 3 Territori&nbsp;<\/strong><\/p>\n\n\n\n<p>Les l\u00ednies de treball s\u00f3n les seg\u00fcents: Territori i Emerg\u00e8ncia Clim\u00e0tica i Mobilitat Sostenible. T\u00e9 15 objectius i 37 accions com la realitzaci\u00f3 de millores infraestructurals vitals en parcs, places i carrers, la creaci\u00f3 d\u2019un parc p\u00fablic d\u2019habitatges, el desenvolupament del Pla d\u2019Infraestructures (2010-2030) i l\u2019actualitzaci\u00f3 del Pla de Mobilitat.&nbsp;<\/p>\n\n\n\n<p><strong>Eix 4 Educaci\u00f3, Cultura i Esports&nbsp;<\/strong><\/p>\n\n\n\n<p>Les l\u00ednies de treball s\u00f3n: Cultura, Esports i Educaci\u00f3. T\u00e9 22 objectius i 50 accions com l\u2019impuls de les xarxes i els espais de creaci\u00f3, l\u2019elaboraci\u00f3 d\u2019un Pla de Xoc de Biblioteques, l\u2019actualitzaci\u00f3 de les contractacions per al manteniment de les instal\u00b7lacions esportives, la revisi\u00f3 del Pla de promoci\u00f3 de l\u2019escolaritat i prevenci\u00f3 de l\u2019absentisme escolar i la creaci\u00f3 de noves escoles.&nbsp;<\/p>\n\n\n\n<p><strong>Eix 5 Ciutat Neta i Segura&nbsp;<\/strong><\/p>\n\n\n\n<p>Les l\u00ednies de treball s\u00f3n les seg\u00fcents: Seguretat i Neteja. T\u00e9 14 objectius i 31 accions com l\u2019ampliaci\u00f3 de la plantilla de la Guardia Urbana, l\u2019aprovaci\u00f3 d\u2019un nou contracte de neteja, l\u2019adquisici\u00f3 de nou mobiliari urb\u00e0 i la creaci\u00f3 d\u2019una brigada d\u2019acci\u00f3 r\u00e0pida de manteniment de la via p\u00fablica.&nbsp;<\/p>\n\n\n\n<p><strong>Eix 6 Impuls de Ciutat i Reconstrucci\u00f3 COVID&nbsp;<\/strong><\/p>\n\n\n\n<p>T\u00e9 9 objectius i 68 accions com l\u2019impuls de l\u2019aprovaci\u00f3 definitiva del Pla Director Urban\u00edstic de les Tres Xemeneies, l\u2019aprovaci\u00f3 d\u2019un Pla de xoc per als Pol\u00edgons Nord i Sud per finalitzar el cablejat de fibra \u00f2ptica i la millora de la via p\u00fablica, la implementaci\u00f3 d\u2019un projecte d\u2019un ens p\u00fablic a la CACI vinculat al Districte d\u2019Innovaci\u00f3, la reforma dels mercats municipals de Llefi\u00e0 i Torner, l\u2019elaboraci\u00f3 d\u2019un Pla de xoc per refor\u00e7ar el comer\u00e7 local, l\u2019impuls de pol\u00edtiques d\u2019ocupaci\u00f3 i la prioritzaci\u00f3 de l\u2019entorn de Can Ruti com un centre Biom\u00e8dic referent a Catalunya i Espanya&nbsp;<\/p>\n\n\n\n<p>L\u2019alcalde de Badalona, Rub\u00e9n Guijarro, ha afirmat en la seva intervenci\u00f3 durant l\u2019audi\u00e8ncia p\u00fablica que \u201caquest Govern municipal segueix un rumb molt clar per tal d&#8217;aconseguir all\u00f2 que m\u00e9s necessita Badalona, que \u00e9s recuperar l&#8217;orgull de ciutat, l&#8217;exemplaritat de les nostres institucions i la dignitat\u201d. En aquest sentit, l\u2019alcalde ha destacat que \u201cel Pla de Govern que presentem avui est\u00e0 basat en compromisos assolibles en el temps que resta de legislatura que ens permetran retornar la confian\u00e7a dels ciutadans i ciutadanes de Badalona en les institucions p\u00fabliques\u201d. \u201cAquest \u00e9s el pla de Govern que Badalona mereix, un pla que juntament amb el Pla de Reconstrucci\u00f3 Econ\u00f2mica i Social que vam presentar a finals de novembre i el Pressupost Municipal que ben segur aprovarem aviat ens permetran recuperar, reconstruir i reactivar la nostra ciutat per comen\u00e7ar a dibuixar la Badalona del futur\u201d.&nbsp;<\/p>\n","protected":false},"excerpt":{"rendered":"<p>L\u2019alcalde Rub\u00e9n Guijarro, juntament amb tots els regidors i regidores del Govern de Badalona, han fet aquest dijous una audi\u00e8ncia p\u00fablica telem\u00e0tica oberta a tota la ciutadania per donar a con\u00e8ixer Pla de Govern municipal 2021-2023. El Pla est\u00e0 centrat en la reconstrucci\u00f3 i l\u2019impuls de la ciutat en l\u2019\u00e0mbit econ\u00f2mic i social. Aquest full [&hellip;]<\/p>\n","protected":false},"author":2,"featured_media":2948,"comment_status":"open","ping_status":"open","sticky":false,"template":"","format":"standard","meta":{"footnotes":""},"categories":[23],"tags":[],"class_list":{"0":"post-2947","1":"post","2":"type-post","3":"status-publish","4":"format-standard","5":"has-post-thumbnail","7":"category-actualitat"},"_links":{"self":[{"href":"https:\/\/areabadalona.com\/diario\/wp-json\/wp\/v2\/posts\/2947","targetHints":{"allow":["GET"]}}],"collection":[{"href":"https:\/\/areabadalona.com\/diario\/wp-json\/wp\/v2\/posts"}],"about":[{"href":"https:\/\/areabadalona.com\/diario\/wp-json\/wp\/v2\/types\/post"}],"author":[{"embeddable":true,"href":"https:\/\/areabadalona.com\/diario\/wp-json\/wp\/v2\/users\/2"}],"replies":[{"embeddable":true,"href":"https:\/\/areabadalona.com\/diario\/wp-json\/wp\/v2\/comments?post=2947"}],"version-history":[{"count":1,"href":"https:\/\/areabadalona.com\/diario\/wp-json\/wp\/v2\/posts\/2947\/revisions"}],"predecessor-version":[{"id":2949,"href":"https:\/\/areabadalona.com\/diario\/wp-json\/wp\/v2\/posts\/2947\/revisions\/2949"}],"wp:featuredmedia":[{"embeddable":true,"href":"https:\/\/areabadalona.com\/diario\/wp-json\/wp\/v2\/media\/2948"}],"wp:attachment":[{"href":"https:\/\/areabadalona.com\/diario\/wp-json\/wp\/v2\/media?parent=2947"}],"wp:term":[{"taxonomy":"category","embeddable":true,"href":"https:\/\/areabadalona.com\/diario\/wp-json\/wp\/v2\/categories?post=2947"},{"taxonomy":"post_tag","embeddable":true,"href":"https:\/\/areabadalona.com\/diario\/wp-json\/wp\/v2\/tags?post=2947"}],"curies":[{"name":"wp","href":"https:\/\/api.w.org\/{rel}","templated":true}]}}