{"id":2942,"date":"2022-01-20T11:35:59","date_gmt":"2022-01-20T11:35:59","guid":{"rendered":"http:\/\/areabadalona.com\/diario\/?p=2942"},"modified":"2022-01-20T11:38:41","modified_gmt":"2022-01-20T11:38:41","slug":"la-generalitat-demana-entrar-al-consorci-del-besos-per-impulsar-el-projecte-de-les-tres-xemeneies","status":"publish","type":"post","link":"https:\/\/areabadalona.com\/diario\/2022\/01\/20\/la-generalitat-demana-entrar-al-consorci-del-besos-per-impulsar-el-projecte-de-les-tres-xemeneies\/","title":{"rendered":"La Generalitat demana entrar al Consorci del Bes\u00f2s per impulsar el projecte de les Tres Xemeneies"},"content":{"rendered":"\n<p>Acord institucional per donar un impuls definitiu a l\u2019\u00e0rea del Bes\u00f2s. L\u2019alcaldessa de Barcelona, Ada Colau, i el vicepresident de la Generalitat, Jordi Puigner\u00f3, han mantingut, aquest mat\u00ed, una reuni\u00f3 i han acordat impulsar entre totes dues institucions la transformaci\u00f3 de l\u2019entorn del riu Bes\u00f2s i molt especialment l\u2019\u00e0rea de les Tres Xemeneies. Es tracta d\u2019un entorn estrat\u00e8gic ple d\u2019oportunitats digitals, econ\u00f2miques i culturals, i una de les \u00e0rees m\u00e9s denses de tot el pa\u00eds i amb m\u00e9s necessitats socials.<\/p>\n\n\n\n<p>La reuni\u00f3 ha servit per establir la necessitat d\u2019un gran acord de pa\u00eds, amb el concurs de totes les administracions afectades (els ajuntaments, l\u2019\u00c0rea Metropolitana de Barcelona, la Diputaci\u00f3 de Barcelona i la Generalitat de Catalunya), per tal de portar a terme una transformaci\u00f3 integral que generi un pol digital i audiovisual, un parc d\u2019habitatge p\u00fablic potent, un gran parc urb\u00e0, i totes les actuacions que facilitin la transformaci\u00f3 del riu en un dels eixos estrat\u00e8gics de la regi\u00f3 metropolitana de Barcelona.<\/p>\n\n\n\n<div><a href=\"https:\/\/areabadalona.com\/diario\/wp-content\/uploads\/2022\/01\/acord_gene_BCN_consorci_besos01-1024x683.jpg\" class=\"td-modal-image\"><figure class=\"wp-block-image size-large\"><img loading=\"lazy\" decoding=\"async\" width=\"1024\" height=\"683\" src=\"https:\/\/areabadalona.com\/diario\/wp-content\/uploads\/2022\/01\/acord_gene_BCN_consorci_besos01-1024x683.jpg\" alt=\"\" class=\"wp-image-2943\" srcset=\"https:\/\/areabadalona.com\/diario\/wp-content\/uploads\/2022\/01\/acord_gene_BCN_consorci_besos01-1024x683.jpg 1024w, https:\/\/areabadalona.com\/diario\/wp-content\/uploads\/2022\/01\/acord_gene_BCN_consorci_besos01-300x200.jpg 300w, https:\/\/areabadalona.com\/diario\/wp-content\/uploads\/2022\/01\/acord_gene_BCN_consorci_besos01-768x512.jpg 768w, https:\/\/areabadalona.com\/diario\/wp-content\/uploads\/2022\/01\/acord_gene_BCN_consorci_besos01-150x100.jpg 150w, https:\/\/areabadalona.com\/diario\/wp-content\/uploads\/2022\/01\/acord_gene_BCN_consorci_besos01-696x464.jpg 696w, https:\/\/areabadalona.com\/diario\/wp-content\/uploads\/2022\/01\/acord_gene_BCN_consorci_besos01-1068x712.jpg 1068w, https:\/\/areabadalona.com\/diario\/wp-content\/uploads\/2022\/01\/acord_gene_BCN_consorci_besos01.jpg 1200w\" sizes=\"auto, (max-width: 1024px) 100vw, 1024px\" \/><figcaption>L\u2019alcaldessa de Barcelona, Ada Colau, i el vicepresident del Govern, Jordi Puigner\u00f3, durant la roda de premsa despr\u00e9s de la seva reuni\u00f3.<\/figcaption><\/figure><\/a><\/div>\n\n\n\n<p>Per tal d\u2019avan\u00e7ar en aquesta l\u00ednia s\u2019ha acordat el seg\u00fcent:<br>\u2022Proposar a tots els ajuntaments de l\u2019\u00e0rea del Bes\u00f2s (Montcada, Badalona, Santa Coloma i Sant Adri\u00e0) l\u2019entrada de la Generalitat de Catalunya al Consorci del Bes\u00f2s, per tal de convertir-lo en l\u2019instrument per a la transformaci\u00f3 de l\u2019\u00e0rea del Bes\u00f2s, i especialment l\u2019\u00e0rea de les Tres Xemeneies afectada pel Pla director urban\u00edstic (PDU). Tamb\u00e9 s\u2019acorda convidar l\u2019\u00c0rea Metropolitana de Barcelona a incorporar-se al Consorci del Bes\u00f2s, aix\u00ed com a la Diputaci\u00f3 de Barcelona.<br>\u2022El Consorci del Bes\u00f2s ser\u00e0 l\u2019administraci\u00f3 actuant per al desenvolupament del Pla de desenvolupament urb\u00e0 de les Tres Xemeneies. En una primera fase ser\u00e0 el responsable de negociar i acabar de tancar el PDU amb els propietaris del s\u00f2l.<br>\u2022Totes dues administracions es comprometen a treballar per obtenir el finan\u00e7ament necessari, a trav\u00e9s dels fons europeus Next Generation o d\u2019aportacions espec\u00edfiques, per tal de portar a terme les iniciatives m\u00e9s urgents de l\u2019Agenda Bes\u00f2s, per exemple:<br>1.Trasllat del col\u00b7lector del litoral, reconstrucci\u00f3 litoral i descontaminaci\u00f3.<br>2.Actuacions en el Bes\u00f2s central: pol\u00edgons del marge dret i ajudes a la rehabilitaci\u00f3 de barris del marge esquerre.<br>3.Ampliaci\u00f3 del parc fluvial a la zona Montcada, i resoluci\u00f3 d\u2019ocupacions irregulars.<\/p>\n\n\n\n<p>\u2022Finalment, totes dues administracions reafirmen el seu comprom\u00eds de desenvolupar un pol digital i audiovisual situat a les Tres Xemeneies, amb la finalitat de donar un impuls estrat\u00e8gic a la ind\u00fastria audiovisual catalana i a l\u2019ecosistema digital i d\u2019innovaci\u00f3 de Barcelona.<\/p>\n\n\n\n<p>A la reuni\u00f3 tamb\u00e9 s\u2019ha tractat el tema de la mobilitat de la regi\u00f3 metropolitana de Barcelona. En aquest sentit, l\u2019alcaldessa i presidenta de l\u2019AMB ha donat el seu suport a la demanda catalana del trasp\u00e0s de Rodalies a la Generalitat de Catalunya, i el vicepresident del Govern s\u2019ha comprom\u00e8s a agilitzar la finalitzaci\u00f3 de la l\u00ednia 9 del metro de Barcelona.<\/p>\n","protected":false},"excerpt":{"rendered":"<p>Acord institucional per donar un impuls definitiu a l\u2019\u00e0rea del Bes\u00f2s. L\u2019alcaldessa de Barcelona, Ada Colau, i el vicepresident de la Generalitat, Jordi Puigner\u00f3, han mantingut, aquest mat\u00ed, una reuni\u00f3 i han acordat impulsar entre totes dues institucions la transformaci\u00f3 de l\u2019entorn del riu Bes\u00f2s i molt especialment l\u2019\u00e0rea de les Tres Xemeneies. Es tracta [&hellip;]<\/p>\n","protected":false},"author":2,"featured_media":2944,"comment_status":"open","ping_status":"open","sticky":false,"template":"","format":"standard","meta":{"footnotes":""},"categories":[23],"tags":[],"class_list":{"0":"post-2942","1":"post","2":"type-post","3":"status-publish","4":"format-standard","5":"has-post-thumbnail","7":"category-actualitat"},"_links":{"self":[{"href":"https:\/\/areabadalona.com\/diario\/wp-json\/wp\/v2\/posts\/2942","targetHints":{"allow":["GET"]}}],"collection":[{"href":"https:\/\/areabadalona.com\/diario\/wp-json\/wp\/v2\/posts"}],"about":[{"href":"https:\/\/areabadalona.com\/diario\/wp-json\/wp\/v2\/types\/post"}],"author":[{"embeddable":true,"href":"https:\/\/areabadalona.com\/diario\/wp-json\/wp\/v2\/users\/2"}],"replies":[{"embeddable":true,"href":"https:\/\/areabadalona.com\/diario\/wp-json\/wp\/v2\/comments?post=2942"}],"version-history":[{"count":2,"href":"https:\/\/areabadalona.com\/diario\/wp-json\/wp\/v2\/posts\/2942\/revisions"}],"predecessor-version":[{"id":2946,"href":"https:\/\/areabadalona.com\/diario\/wp-json\/wp\/v2\/posts\/2942\/revisions\/2946"}],"wp:featuredmedia":[{"embeddable":true,"href":"https:\/\/areabadalona.com\/diario\/wp-json\/wp\/v2\/media\/2944"}],"wp:attachment":[{"href":"https:\/\/areabadalona.com\/diario\/wp-json\/wp\/v2\/media?parent=2942"}],"wp:term":[{"taxonomy":"category","embeddable":true,"href":"https:\/\/areabadalona.com\/diario\/wp-json\/wp\/v2\/categories?post=2942"},{"taxonomy":"post_tag","embeddable":true,"href":"https:\/\/areabadalona.com\/diario\/wp-json\/wp\/v2\/tags?post=2942"}],"curies":[{"name":"wp","href":"https:\/\/api.w.org\/{rel}","templated":true}]}}