{"id":2939,"date":"2022-01-20T11:25:02","date_gmt":"2022-01-20T11:25:02","guid":{"rendered":"http:\/\/areabadalona.com\/diario\/?p=2939"},"modified":"2022-01-20T11:25:03","modified_gmt":"2022-01-20T11:25:03","slug":"aida-llaurado-i-joan-carles-gallego-presenten-els-acords-dels-pressupostos-2022-pactats-entre-en-comu-podem-i-el-govern","status":"publish","type":"post","link":"https:\/\/areabadalona.com\/diario\/2022\/01\/20\/aida-llaurado-i-joan-carles-gallego-presenten-els-acords-dels-pressupostos-2022-pactats-entre-en-comu-podem-i-el-govern\/","title":{"rendered":"A\u00efda Llaurad\u00f3 i Joan Carles Gallego presenten els acords dels Pressupostos 2022 pactats entre En Com\u00fa Podem i el Govern"},"content":{"rendered":"\n<p>Ahir <strong>A\u00efda Llaurad\u00f3<\/strong>, presidenta de Badalona En Com\u00fa Podem i Segona Tinent d&#8217;Alcalde, i <strong>Joan Carles Gallego<\/strong>, diputat d&#8217;En Com\u00fa Podem al Parlament, van realitzar una roda de premsa per anunciar els acords que han arribat els comuns amb el govern de la Generalitat per l&#8217;aprovaci\u00f3 del Pressupost per aquest any. <strong>L&#8217;acord va ser anunciat a finals de 2021 i a Badalona destaca la partida i el comprom\u00eds per la construcci\u00f3 del nou Institut La Riera<\/strong>.<\/p>\n\n\n\n<p>Els comuns s&#8217;han mostrat satisfets per les negociacions dutes a terme per assolir aquests pressupostos que tindran una repercussi\u00f3 positiva i immediata a tota Catalunya i amb partides i accions espec\u00edfiques a Badalona. En un moment on les necessitats socials han augmentat a causa de les conseq\u00fc\u00e8ncies de la pand\u00e8mia de la Covid-19 <strong>aquests pressupostos donen noves eines per lluitar per la igualtat d&#8217;oportunitats.<\/strong><\/p>\n\n\n\n<p><strong>Joan Carles Gallego ha defensat les iniciatives que es duran a terme amb aquests pressupostos i han estat defensades per En Com\u00fa Podem<\/strong>, com l&#8217;augment de drets fiscals per les fam\u00edlies monomarentals, augment del lloguer social, m\u00e9s atenci\u00f3 per la salut mental i el dentista p\u00fablic, proposta estrella que ha dut a terme l&#8217;alcaldessa Ada Colau a l&#8217;Ajuntament de Barcelona.<\/p>\n\n\n\n<p><strong>A\u00efda Llaurad\u00f3 ha explicat que aquest trimestre s&#8217;ha d&#8217;iniciar la contractaci\u00f3 de l&#8217;empresa que far\u00e0 l&#8217;Institut<\/strong>, ha afegit tamb\u00e9 que \u00abcal seguir treballant per incloure la construcci\u00f3 de l&#8217;Escola Montigal\u00e0 als Pressupostos i que el projecte sigui una realitat tamb\u00e9 aquest 2022. Fa m\u00e9s de 10 anys que reivindiquen deixar els barracons i tenen un projecte educatiu de refer\u00e8ncia\u00bb ha reivindicat la l\u00edder dels comuns a Badalona i Segona Tinent d&#8217;Alcalde de l&#8217;\u00c0mbit d\u2019Educaci\u00f3, Feminismes i LGTBIQ+, Ciutadania, Participaci\u00f3 i Agenda 2030 de l&#8217;Ajuntament de Badalona.<\/p>\n","protected":false},"excerpt":{"rendered":"<p>Ahir A\u00efda Llaurad\u00f3, presidenta de Badalona En Com\u00fa Podem i Segona Tinent d&#8217;Alcalde, i Joan Carles Gallego, diputat d&#8217;En Com\u00fa Podem al Parlament, van realitzar una roda de premsa per anunciar els acords que han arribat els comuns amb el govern de la Generalitat per l&#8217;aprovaci\u00f3 del Pressupost per aquest any. L&#8217;acord va ser anunciat [&hellip;]<\/p>\n","protected":false},"author":2,"featured_media":2940,"comment_status":"open","ping_status":"open","sticky":false,"template":"","format":"standard","meta":{"footnotes":""},"categories":[23],"tags":[],"class_list":{"0":"post-2939","1":"post","2":"type-post","3":"status-publish","4":"format-standard","5":"has-post-thumbnail","7":"category-actualitat"},"_links":{"self":[{"href":"https:\/\/areabadalona.com\/diario\/wp-json\/wp\/v2\/posts\/2939","targetHints":{"allow":["GET"]}}],"collection":[{"href":"https:\/\/areabadalona.com\/diario\/wp-json\/wp\/v2\/posts"}],"about":[{"href":"https:\/\/areabadalona.com\/diario\/wp-json\/wp\/v2\/types\/post"}],"author":[{"embeddable":true,"href":"https:\/\/areabadalona.com\/diario\/wp-json\/wp\/v2\/users\/2"}],"replies":[{"embeddable":true,"href":"https:\/\/areabadalona.com\/diario\/wp-json\/wp\/v2\/comments?post=2939"}],"version-history":[{"count":1,"href":"https:\/\/areabadalona.com\/diario\/wp-json\/wp\/v2\/posts\/2939\/revisions"}],"predecessor-version":[{"id":2941,"href":"https:\/\/areabadalona.com\/diario\/wp-json\/wp\/v2\/posts\/2939\/revisions\/2941"}],"wp:featuredmedia":[{"embeddable":true,"href":"https:\/\/areabadalona.com\/diario\/wp-json\/wp\/v2\/media\/2940"}],"wp:attachment":[{"href":"https:\/\/areabadalona.com\/diario\/wp-json\/wp\/v2\/media?parent=2939"}],"wp:term":[{"taxonomy":"category","embeddable":true,"href":"https:\/\/areabadalona.com\/diario\/wp-json\/wp\/v2\/categories?post=2939"},{"taxonomy":"post_tag","embeddable":true,"href":"https:\/\/areabadalona.com\/diario\/wp-json\/wp\/v2\/tags?post=2939"}],"curies":[{"name":"wp","href":"https:\/\/api.w.org\/{rel}","templated":true}]}}