{"id":2936,"date":"2022-01-19T12:21:00","date_gmt":"2022-01-19T12:21:00","guid":{"rendered":"http:\/\/areabadalona.com\/diario\/?p=2936"},"modified":"2022-01-20T11:21:54","modified_gmt":"2022-01-20T11:21:54","slug":"lalcalde-de-badalona-ruben-guijarro-i-el-primer-tinent-dalcaldia-alex-montornes-visiten-les-instal%c2%b7lacions-del-grup-la-pau","status":"publish","type":"post","link":"https:\/\/areabadalona.com\/diario\/2022\/01\/19\/lalcalde-de-badalona-ruben-guijarro-i-el-primer-tinent-dalcaldia-alex-montornes-visiten-les-instal%c2%b7lacions-del-grup-la-pau\/","title":{"rendered":"L\u2019alcalde de Badalona, Rub\u00e9n Guijarro, i el primer tinent d\u2019alcaldia, \u00c0lex Montorn\u00e8s, visiten les instal\u00b7lacions del Grup La Pau"},"content":{"rendered":"\n<p>L\u2019alcalde de Badalona, Rub\u00e9n Guijarro, i el primer tinent d\u2019alcaldia i regidor de l\u2019\u00c0mbit d\u2019Impuls de Ciutat i Reconstrucci\u00f3 COVID, \u00c0lex Montorn\u00e8s, han visitat aquest mat\u00ed les instal\u00b7lacions del Grup La Pau, ubicades al cam\u00ed de la Pelleria, del barri de Bonavista de Badalona i han mantingut una reuni\u00f3 de treball amb el president del Grup La Pau, Vicen\u00e7 Chicharro, i el director financer de la cooperativa, Jordi Alonso. El Grup la Pau \u00e9s una cooperativa, fundada l&#8217;any 1983, que presta servei de transport sanitari, adaptat i serveis preventius a Catalunya i Euskadi.&nbsp;<\/p>\n\n\n\n<p>La trobada forma part de l\u2019agenda de visites a les empreses amb un pes important en el teixit productiu de la ciutat per con\u00e8ixer de primera m\u00e0 les seves necessitats i col\u00b7laborar en el seu creixement. El primer tinent d\u2019alcaldia, \u00c0lex Montorn\u00e8s, ha destacat que \u201camb aquestes trobades volem deixar molt clar que aquest Govern Municipal fa costat a les empreses i una mostra d\u2019aix\u00f2 \u00e9s que hem previst destinar en el nou pressupost m\u00e9s de 3 milions d\u2019euros a la millora dels pol\u00edgons industrials\u201d. &nbsp;<\/p>\n\n\n\n<p>Amb els dirigents del Grup La Pau tamb\u00e9 s\u2019ha tractat la millora de la gesti\u00f3 del servei de transport adaptat per a persones amb discapacitat i mobilitat redu\u00efda. Montorn\u00e8s ha recordat que \u201caquest servei es gestionava a trav\u00e9s del desaparegut Consell Comarcal del Barcelon\u00e8s i ara ho fem des dels municipis i l\u2019\u00c0rea Metropolitana de Barcelona (AMB), i \u00e9s aqu\u00ed on podem crear noves vies de col\u00b7laboraci\u00f3 i de sinergies amb empreses com el Grup La Pau\u201d. Montorn\u00e8s ha afegit que des de l\u2019Ajuntament s\u2019est\u00e0 treballant en el desenvolupament d\u2019un <em>pool<\/em> sociosanitari entorn de Can Ruti que faci cr\u00e9ixer les empreses d\u2019aquest \u00e0mbit.&nbsp;<\/p>\n","protected":false},"excerpt":{"rendered":"<p>L\u2019alcalde de Badalona, Rub\u00e9n Guijarro, i el primer tinent d\u2019alcaldia i regidor de l\u2019\u00c0mbit d\u2019Impuls de Ciutat i Reconstrucci\u00f3 COVID, \u00c0lex Montorn\u00e8s, han visitat aquest mat\u00ed les instal\u00b7lacions del Grup La Pau, ubicades al cam\u00ed de la Pelleria, del barri de Bonavista de Badalona i han mantingut una reuni\u00f3 de treball amb el president del [&hellip;]<\/p>\n","protected":false},"author":2,"featured_media":2937,"comment_status":"open","ping_status":"open","sticky":false,"template":"","format":"standard","meta":{"footnotes":""},"categories":[23,24],"tags":[],"class_list":{"0":"post-2936","1":"post","2":"type-post","3":"status-publish","4":"format-standard","5":"has-post-thumbnail","7":"category-actualitat","8":"category-societat"},"_links":{"self":[{"href":"https:\/\/areabadalona.com\/diario\/wp-json\/wp\/v2\/posts\/2936","targetHints":{"allow":["GET"]}}],"collection":[{"href":"https:\/\/areabadalona.com\/diario\/wp-json\/wp\/v2\/posts"}],"about":[{"href":"https:\/\/areabadalona.com\/diario\/wp-json\/wp\/v2\/types\/post"}],"author":[{"embeddable":true,"href":"https:\/\/areabadalona.com\/diario\/wp-json\/wp\/v2\/users\/2"}],"replies":[{"embeddable":true,"href":"https:\/\/areabadalona.com\/diario\/wp-json\/wp\/v2\/comments?post=2936"}],"version-history":[{"count":1,"href":"https:\/\/areabadalona.com\/diario\/wp-json\/wp\/v2\/posts\/2936\/revisions"}],"predecessor-version":[{"id":2938,"href":"https:\/\/areabadalona.com\/diario\/wp-json\/wp\/v2\/posts\/2936\/revisions\/2938"}],"wp:featuredmedia":[{"embeddable":true,"href":"https:\/\/areabadalona.com\/diario\/wp-json\/wp\/v2\/media\/2937"}],"wp:attachment":[{"href":"https:\/\/areabadalona.com\/diario\/wp-json\/wp\/v2\/media?parent=2936"}],"wp:term":[{"taxonomy":"category","embeddable":true,"href":"https:\/\/areabadalona.com\/diario\/wp-json\/wp\/v2\/categories?post=2936"},{"taxonomy":"post_tag","embeddable":true,"href":"https:\/\/areabadalona.com\/diario\/wp-json\/wp\/v2\/tags?post=2936"}],"curies":[{"name":"wp","href":"https:\/\/api.w.org\/{rel}","templated":true}]}}