{"id":2933,"date":"2022-01-19T11:19:00","date_gmt":"2022-01-19T11:19:00","guid":{"rendered":"http:\/\/areabadalona.com\/diario\/?p=2933"},"modified":"2022-01-20T11:20:16","modified_gmt":"2022-01-20T11:20:16","slug":"lajuntament-de-badalona-inicia-lexpedient-administratiu-necessari-per-posar-fi-a-lacampada-a-la-placa-del-cotonifici","status":"publish","type":"post","link":"https:\/\/areabadalona.com\/diario\/2022\/01\/19\/lajuntament-de-badalona-inicia-lexpedient-administratiu-necessari-per-posar-fi-a-lacampada-a-la-placa-del-cotonifici\/","title":{"rendered":"L\u2019Ajuntament de Badalona inicia l\u2019expedient administratiu necessari per posar fi a l\u2019acampada a la pla\u00e7a del Cotonifici"},"content":{"rendered":"\n<p>L\u2019Ajuntament de Badalona ha posat en marxa el corresponent expedient administratiu de recuperaci\u00f3 del domini p\u00fablic que permeti posar fi a l\u2019acampada d\u2019un petit grup de persones a la pla\u00e7a del Cotonifici al barri del Gorg. Aquest expedient \u00e9s un pas previ i imprescindible per tal que l\u2019Ajuntament de Badalona obtingui l\u2019autoritzaci\u00f3 judicial i es posi fi a l\u2019acampada.&nbsp;<\/p>\n\n\n\n<p>L\u2019Ajuntament, a trav\u00e9s dels Serveis Socials i en especial a trav\u00e9s de la unitat d\u2019atenci\u00f3 al sensellarisme, ha at\u00e8s des del passat dijous 13 de gener totes les persones que aix\u00ed ho han requerit que van ser desnonades per ordre judicial de la nau que utilitzaven en condicions d\u2019infrahabitatge al carrer del Progr\u00e9s.&nbsp;<\/p>\n\n\n\n<p>Mitjan\u00e7ant una resoluci\u00f3 que declarava l\u2019emerg\u00e8ncia signada el passat divendres 14 de gener per l\u2019alcalde de Badalona, Rub\u00e9n Guijarro, l\u2019Ajuntament de Badalona ofereix un servei d\u2019allotjament a les persones desallotjades de la nau per un per\u00edode de tres mesos. Actualment, 51 d\u2019aquestes persones han acceptat l\u2019oferiment d\u2019emerg\u00e8ncia habitacional, mentre que nom\u00e9s entre 4 i 5 persones l\u2019han rebutjat i pernocten en tendals a la pla\u00e7a del Cotonifici en un campament improvisat. Des de Serveis Socials es continua treballant perqu\u00e8 aquestes persones acceptin l\u2019ajut i els recursos i no acampin a l\u2019espai p\u00fablic en unes circumst\u00e0ncies que no reuneixen les m\u00ednimes condicions de salubritat i altres necessitats b\u00e0siques.&nbsp;<\/p>\n","protected":false},"excerpt":{"rendered":"<p>L\u2019Ajuntament de Badalona ha posat en marxa el corresponent expedient administratiu de recuperaci\u00f3 del domini p\u00fablic que permeti posar fi a l\u2019acampada d\u2019un petit grup de persones a la pla\u00e7a del Cotonifici al barri del Gorg. Aquest expedient \u00e9s un pas previ i imprescindible per tal que l\u2019Ajuntament de Badalona obtingui l\u2019autoritzaci\u00f3 judicial i es [&hellip;]<\/p>\n","protected":false},"author":2,"featured_media":2934,"comment_status":"open","ping_status":"open","sticky":false,"template":"","format":"standard","meta":{"footnotes":""},"categories":[23,24],"tags":[],"class_list":{"0":"post-2933","1":"post","2":"type-post","3":"status-publish","4":"format-standard","5":"has-post-thumbnail","7":"category-actualitat","8":"category-societat"},"_links":{"self":[{"href":"https:\/\/areabadalona.com\/diario\/wp-json\/wp\/v2\/posts\/2933","targetHints":{"allow":["GET"]}}],"collection":[{"href":"https:\/\/areabadalona.com\/diario\/wp-json\/wp\/v2\/posts"}],"about":[{"href":"https:\/\/areabadalona.com\/diario\/wp-json\/wp\/v2\/types\/post"}],"author":[{"embeddable":true,"href":"https:\/\/areabadalona.com\/diario\/wp-json\/wp\/v2\/users\/2"}],"replies":[{"embeddable":true,"href":"https:\/\/areabadalona.com\/diario\/wp-json\/wp\/v2\/comments?post=2933"}],"version-history":[{"count":1,"href":"https:\/\/areabadalona.com\/diario\/wp-json\/wp\/v2\/posts\/2933\/revisions"}],"predecessor-version":[{"id":2935,"href":"https:\/\/areabadalona.com\/diario\/wp-json\/wp\/v2\/posts\/2933\/revisions\/2935"}],"wp:featuredmedia":[{"embeddable":true,"href":"https:\/\/areabadalona.com\/diario\/wp-json\/wp\/v2\/media\/2934"}],"wp:attachment":[{"href":"https:\/\/areabadalona.com\/diario\/wp-json\/wp\/v2\/media?parent=2933"}],"wp:term":[{"taxonomy":"category","embeddable":true,"href":"https:\/\/areabadalona.com\/diario\/wp-json\/wp\/v2\/categories?post=2933"},{"taxonomy":"post_tag","embeddable":true,"href":"https:\/\/areabadalona.com\/diario\/wp-json\/wp\/v2\/tags?post=2933"}],"curies":[{"name":"wp","href":"https:\/\/api.w.org\/{rel}","templated":true}]}}