{"id":2930,"date":"2022-01-18T10:22:15","date_gmt":"2022-01-18T10:22:15","guid":{"rendered":"http:\/\/areabadalona.com\/diario\/?p=2930"},"modified":"2022-01-18T10:22:16","modified_gmt":"2022-01-18T10:22:16","slug":"es-posen-a-licitacio-els-treballs-per-a-la-construccio-dels-primers-250-metres-del-canal-del-port-de-badalona-al-barri-del-gorg","status":"publish","type":"post","link":"https:\/\/areabadalona.com\/diario\/2022\/01\/18\/es-posen-a-licitacio-els-treballs-per-a-la-construccio-dels-primers-250-metres-del-canal-del-port-de-badalona-al-barri-del-gorg\/","title":{"rendered":"Es posen a licitaci\u00f3 els treballs per a la construcci\u00f3 dels primers 250 metres del canal del Port de Badalona al barri del Gorg"},"content":{"rendered":"\n<p>Marina Badalona ha posat a licitaci\u00f3 els treballs d\u2019adequaci\u00f3 dels primers 250 metres del canal del port a barri del Gorg Badalona. Les obres tenen un pressupost de 2,6 milions d\u2019euros i un termini d\u2019execuci\u00f3 de nou mesos. &nbsp;<\/p>\n\n\n\n<p>Les obres inclouen l\u2019adequaci\u00f3 de l\u2019espai que acollir\u00e0 el desviament provisional de les vies del ferrocarril tal com demana ADIF. El desviament es far\u00e0 per la part de muntanya i paral\u00b7lel a les vies actuals per no haver d\u2019interrompre el servei del ferrocarril mentre es construeix el viaducte definitiu. Aquests treballs preveuen la retirada de les terres d\u2019aquest espai que b\u00e0sicament s\u00f3n materials procedents d\u2019abocaments no aptes per a l\u2019\u00fas urb\u00e0. Aquestes terres seran substitu\u00efdes per terres del canal, majorit\u00e0riament en bon estat.&nbsp;<\/p>\n\n\n\n<p>Les actuacions previstes tamb\u00e9 contemplen el dragat del canal que permetr\u00e0 la creaci\u00f3 de la l\u00e0mina d\u2019aigua de 250 metres fent emergir les aig\u00fces fre\u00e0tiques. A m\u00e9s, s\u2019implementar\u00e0 un sistema de recirculaci\u00f3 de l\u2019aigua del canal per mantenir la qualitat ambiental de les aig\u00fces embassades. Aquest sistema es mantindr\u00e0 fins i tot quan el canal es puguin connectar definitivament amb la d\u00e0rsena del port.&nbsp;<\/p>\n\n\n\n<p>La previsi\u00f3 \u00e9s que aquests primers 250 metres del canal, amb la seva l\u00e0mina d\u2019aigua, estaran enllestits a finals d\u2019aquest any o principis del 2023, i hauran de culminar l\u2019any 2024 amb el nou viaducte del ferrocarril en servei i el canal connectat amb el mar.&nbsp;<\/p>\n\n\n\n<p>L\u2019alcalde de Badalona, Rub\u00e9n Guijarro, ha assegurat que aquesta licitaci\u00f3 \u201cdemostra el comprom\u00eds que ha reiterat el nou govern municipal amb el barri del Gorg i tota la seva zona d\u2019influ\u00e8ncia, demostra tamb\u00e9 la ferma voluntat de tot l\u2019equip de treballar de valent per situar durant els pr\u00f2xims dos anys aquest eix en una nova centralitat, amb serveis per als seus ve\u00efns i ve\u00efnes i que sigui un atractiu per a tot l\u2019\u00e0mbit metropolit\u00e0\u201d.&nbsp;<\/p>\n\n\n\n<p>Guijarro insisteix que \u201camb l\u2019inici dels procediments administratius, com aquesta licitaci\u00f3 que avui anunciem, comencem, d\u2019una manera rigorosa amb projectes i pressupost, els calendaris de les obres i dels serveis. Ja no hi ha tornada enrere i ara per culminar aquesta transformaci\u00f3 urbana i de regeneraci\u00f3 ambiental, intensificarem durant les pr\u00f2ximes setmanes les negociacions amb ADIF\u201d.&nbsp;<\/p>\n","protected":false},"excerpt":{"rendered":"<p>Marina Badalona ha posat a licitaci\u00f3 els treballs d\u2019adequaci\u00f3 dels primers 250 metres del canal del port a barri del Gorg Badalona. Les obres tenen un pressupost de 2,6 milions d\u2019euros i un termini d\u2019execuci\u00f3 de nou mesos. &nbsp; Les obres inclouen l\u2019adequaci\u00f3 de l\u2019espai que acollir\u00e0 el desviament provisional de les vies del ferrocarril [&hellip;]<\/p>\n","protected":false},"author":2,"featured_media":2931,"comment_status":"open","ping_status":"open","sticky":false,"template":"","format":"standard","meta":{"footnotes":""},"categories":[23,24],"tags":[],"class_list":{"0":"post-2930","1":"post","2":"type-post","3":"status-publish","4":"format-standard","5":"has-post-thumbnail","7":"category-actualitat","8":"category-societat"},"_links":{"self":[{"href":"https:\/\/areabadalona.com\/diario\/wp-json\/wp\/v2\/posts\/2930","targetHints":{"allow":["GET"]}}],"collection":[{"href":"https:\/\/areabadalona.com\/diario\/wp-json\/wp\/v2\/posts"}],"about":[{"href":"https:\/\/areabadalona.com\/diario\/wp-json\/wp\/v2\/types\/post"}],"author":[{"embeddable":true,"href":"https:\/\/areabadalona.com\/diario\/wp-json\/wp\/v2\/users\/2"}],"replies":[{"embeddable":true,"href":"https:\/\/areabadalona.com\/diario\/wp-json\/wp\/v2\/comments?post=2930"}],"version-history":[{"count":1,"href":"https:\/\/areabadalona.com\/diario\/wp-json\/wp\/v2\/posts\/2930\/revisions"}],"predecessor-version":[{"id":2932,"href":"https:\/\/areabadalona.com\/diario\/wp-json\/wp\/v2\/posts\/2930\/revisions\/2932"}],"wp:featuredmedia":[{"embeddable":true,"href":"https:\/\/areabadalona.com\/diario\/wp-json\/wp\/v2\/media\/2931"}],"wp:attachment":[{"href":"https:\/\/areabadalona.com\/diario\/wp-json\/wp\/v2\/media?parent=2930"}],"wp:term":[{"taxonomy":"category","embeddable":true,"href":"https:\/\/areabadalona.com\/diario\/wp-json\/wp\/v2\/categories?post=2930"},{"taxonomy":"post_tag","embeddable":true,"href":"https:\/\/areabadalona.com\/diario\/wp-json\/wp\/v2\/tags?post=2930"}],"curies":[{"name":"wp","href":"https:\/\/api.w.org\/{rel}","templated":true}]}}