{"id":2926,"date":"2022-01-14T09:59:40","date_gmt":"2022-01-14T09:59:40","guid":{"rendered":"http:\/\/areabadalona.com\/diario\/?p=2926"},"modified":"2022-01-14T09:59:42","modified_gmt":"2022-01-14T09:59:42","slug":"lajuntament-de-badalona-incorpora-15-treballadors-per-reforcar-els-serveis-socials-de-la-ciutat","status":"publish","type":"post","link":"https:\/\/areabadalona.com\/diario\/2022\/01\/14\/lajuntament-de-badalona-incorpora-15-treballadors-per-reforcar-els-serveis-socials-de-la-ciutat\/","title":{"rendered":"L\u2019Ajuntament de Badalona incorpora 15 treballadors per refor\u00e7ar els Serveis Socials de la ciutat"},"content":{"rendered":"\n<p>L\u2019Ajuntament de Badalona incorporar\u00e0 15 persones per refor\u00e7ar els Serveis Socials municipals que comen\u00e7aran a treballar el pr\u00f2xim 20 de gener. Les persones contractades formen part de la borsa de treball de qu\u00e8 disposen els recursos humans de l\u2019Ajuntament i estaran destinats als serveis b\u00e0sics d\u2019atenci\u00f3 social (SBAS) i al Servei de Depend\u00e8ncia. De les noves incorporacions, cinc es dedicaran a tasques administratives, sis s\u00f3n treballadors socials i quatre educadors socials.&nbsp;<\/p>\n\n\n\n<p>El tercer tinent d\u2019alcaldia i regidor de l\u2019\u00c0mbit de Protecci\u00f3 Social a les Persones i Impuls Comercial, David Torrents, ha valorat positivament les noves contractacions i ha explicat que \u201cno es tracta d\u2019una soluci\u00f3 definitiva, per\u00f2 ajudar\u00e0 a millorar el servei i ens permetr\u00e0 continuar actuant per revertir la situaci\u00f3 en qu\u00e8 estan els serveis socials municipals\u201d. Torrents ha agra\u00eft als sindicats presents a l\u2019Ajuntament de Badalona \u201cla seva predisposici\u00f3 per treballar plegats i trobar f\u00f3rmules que serveixen per millorar l\u2019atenci\u00f3 que reben els ve\u00efns i ve\u00efnes de la ciutat que ho necessiten\u201d.&nbsp;<\/p>\n","protected":false},"excerpt":{"rendered":"<p>L\u2019Ajuntament de Badalona incorporar\u00e0 15 persones per refor\u00e7ar els Serveis Socials municipals que comen\u00e7aran a treballar el pr\u00f2xim 20 de gener. Les persones contractades formen part de la borsa de treball de qu\u00e8 disposen els recursos humans de l\u2019Ajuntament i estaran destinats als serveis b\u00e0sics d\u2019atenci\u00f3 social (SBAS) i al Servei de Depend\u00e8ncia. De les [&hellip;]<\/p>\n","protected":false},"author":2,"featured_media":2927,"comment_status":"open","ping_status":"open","sticky":false,"template":"","format":"standard","meta":{"footnotes":""},"categories":[23,24],"tags":[],"class_list":{"0":"post-2926","1":"post","2":"type-post","3":"status-publish","4":"format-standard","5":"has-post-thumbnail","7":"category-actualitat","8":"category-societat"},"_links":{"self":[{"href":"https:\/\/areabadalona.com\/diario\/wp-json\/wp\/v2\/posts\/2926","targetHints":{"allow":["GET"]}}],"collection":[{"href":"https:\/\/areabadalona.com\/diario\/wp-json\/wp\/v2\/posts"}],"about":[{"href":"https:\/\/areabadalona.com\/diario\/wp-json\/wp\/v2\/types\/post"}],"author":[{"embeddable":true,"href":"https:\/\/areabadalona.com\/diario\/wp-json\/wp\/v2\/users\/2"}],"replies":[{"embeddable":true,"href":"https:\/\/areabadalona.com\/diario\/wp-json\/wp\/v2\/comments?post=2926"}],"version-history":[{"count":1,"href":"https:\/\/areabadalona.com\/diario\/wp-json\/wp\/v2\/posts\/2926\/revisions"}],"predecessor-version":[{"id":2928,"href":"https:\/\/areabadalona.com\/diario\/wp-json\/wp\/v2\/posts\/2926\/revisions\/2928"}],"wp:featuredmedia":[{"embeddable":true,"href":"https:\/\/areabadalona.com\/diario\/wp-json\/wp\/v2\/media\/2927"}],"wp:attachment":[{"href":"https:\/\/areabadalona.com\/diario\/wp-json\/wp\/v2\/media?parent=2926"}],"wp:term":[{"taxonomy":"category","embeddable":true,"href":"https:\/\/areabadalona.com\/diario\/wp-json\/wp\/v2\/categories?post=2926"},{"taxonomy":"post_tag","embeddable":true,"href":"https:\/\/areabadalona.com\/diario\/wp-json\/wp\/v2\/tags?post=2926"}],"curies":[{"name":"wp","href":"https:\/\/api.w.org\/{rel}","templated":true}]}}