{"id":2923,"date":"2022-01-14T09:55:51","date_gmt":"2022-01-14T09:55:51","guid":{"rendered":"http:\/\/areabadalona.com\/diario\/?p=2923"},"modified":"2022-01-14T09:55:52","modified_gmt":"2022-01-14T09:55:52","slug":"el-proxim-dijous-20-de-gener-a-les-18-hores-es-fara-la-sessio-daudiencia-publica-per-presentar-el-pla-de-govern-municipal-2021-2023","status":"publish","type":"post","link":"https:\/\/areabadalona.com\/diario\/2022\/01\/14\/el-proxim-dijous-20-de-gener-a-les-18-hores-es-fara-la-sessio-daudiencia-publica-per-presentar-el-pla-de-govern-municipal-2021-2023\/","title":{"rendered":"El pr\u00f2xim dijous 20 de gener, a les 18 hores, es far\u00e0 la Sessi\u00f3 d\u2019audi\u00e8ncia p\u00fablica per presentar el Pla de Govern municipal 2021-2023"},"content":{"rendered":"\n<p>El pr\u00f2xim <strong>dijous 20 de gener, a les 18 hores<\/strong>, tindr\u00e0 lloc la Sessi\u00f3 d\u2019audi\u00e8ncia p\u00fablica per presentar el Pla de Govern municipal 2021-2023. La sessi\u00f3 est\u00e0 oberta a tota la ciutadania i entitats interessades i es far\u00e0 per via telem\u00e0tica atesa la situaci\u00f3 sanit\u00e0ria actual. L\u2019audi\u00e8ncia p\u00fablica se celebrar\u00e0 a trav\u00e9s de Zoom i tamb\u00e9 es podr\u00e0 seguir per streaming.&nbsp;<\/p>\n\n\n\n<p>La presentaci\u00f3 del Pla de Govern municipal 2021-2023 anir\u00e0 a c\u00e0rrec de l\u2019alcalde de Badalona, Rub\u00e9n Guijarro; i dels tinents i les tinentes d\u2019Alcaldia del govern local. La sessi\u00f3 comptar\u00e0 tamb\u00e9 amb la participaci\u00f3 de tots els regidors i regidores que integren el Govern municipal.&nbsp;<\/p>\n\n\n\n<p>El Pla de Govern municipal 2021-2023 t\u00e9 com a objectiu impulsar amb concreci\u00f3 els eixos pol\u00edtics fonamentals i els compromisos de mandat del govern. S\u2019estructura en sis eixos vinculats als Objectius de Desenvolupament Sostenible de l\u2019Agenda 2030 (ODS) i cont\u00e9 103 objectius i 310 actuacions priorit\u00e0ries que es desplegaran durant aquest mandat. La presentaci\u00f3 del Pla es realitza dos mesos despr\u00e9s de la formaci\u00f3 del nou govern.\u00a0<\/p>\n\n\n\n<p>Per poder participar en aquesta sessi\u00f3 telem\u00e0tica, cal inscriure\u2019s pr\u00e8viament a trav\u00e9s del seg\u00fcent enlla\u00e7: &nbsp;<\/p>\n\n\n\n<figure class=\"wp-block-embed\"><div class=\"wp-block-embed__wrapper\">\nhttps:\/\/badalona-cat.zoom.us\/meeting\/register\/tZUsfuGspj8tEtcXVF6qJaHocz7zWog2QuCF\n<\/div><\/figure>\n\n\n\n<p>La sessi\u00f3 tamb\u00e9 es podr\u00e0 seguir per streaming a trav\u00e9s de: <a href=\"http:\/\/endirecte.badalona.cat\/\">http:\/\/endirecte.badalona.cat\/<\/a>&nbsp;<\/p>\n","protected":false},"excerpt":{"rendered":"<p>El pr\u00f2xim dijous 20 de gener, a les 18 hores, tindr\u00e0 lloc la Sessi\u00f3 d\u2019audi\u00e8ncia p\u00fablica per presentar el Pla de Govern municipal 2021-2023. La sessi\u00f3 est\u00e0 oberta a tota la ciutadania i entitats interessades i es far\u00e0 per via telem\u00e0tica atesa la situaci\u00f3 sanit\u00e0ria actual. L\u2019audi\u00e8ncia p\u00fablica se celebrar\u00e0 a trav\u00e9s de Zoom i [&hellip;]<\/p>\n","protected":false},"author":2,"featured_media":2924,"comment_status":"open","ping_status":"open","sticky":false,"template":"","format":"standard","meta":{"footnotes":""},"categories":[23],"tags":[],"class_list":{"0":"post-2923","1":"post","2":"type-post","3":"status-publish","4":"format-standard","5":"has-post-thumbnail","7":"category-actualitat"},"_links":{"self":[{"href":"https:\/\/areabadalona.com\/diario\/wp-json\/wp\/v2\/posts\/2923","targetHints":{"allow":["GET"]}}],"collection":[{"href":"https:\/\/areabadalona.com\/diario\/wp-json\/wp\/v2\/posts"}],"about":[{"href":"https:\/\/areabadalona.com\/diario\/wp-json\/wp\/v2\/types\/post"}],"author":[{"embeddable":true,"href":"https:\/\/areabadalona.com\/diario\/wp-json\/wp\/v2\/users\/2"}],"replies":[{"embeddable":true,"href":"https:\/\/areabadalona.com\/diario\/wp-json\/wp\/v2\/comments?post=2923"}],"version-history":[{"count":1,"href":"https:\/\/areabadalona.com\/diario\/wp-json\/wp\/v2\/posts\/2923\/revisions"}],"predecessor-version":[{"id":2925,"href":"https:\/\/areabadalona.com\/diario\/wp-json\/wp\/v2\/posts\/2923\/revisions\/2925"}],"wp:featuredmedia":[{"embeddable":true,"href":"https:\/\/areabadalona.com\/diario\/wp-json\/wp\/v2\/media\/2924"}],"wp:attachment":[{"href":"https:\/\/areabadalona.com\/diario\/wp-json\/wp\/v2\/media?parent=2923"}],"wp:term":[{"taxonomy":"category","embeddable":true,"href":"https:\/\/areabadalona.com\/diario\/wp-json\/wp\/v2\/categories?post=2923"},{"taxonomy":"post_tag","embeddable":true,"href":"https:\/\/areabadalona.com\/diario\/wp-json\/wp\/v2\/tags?post=2923"}],"curies":[{"name":"wp","href":"https:\/\/api.w.org\/{rel}","templated":true}]}}