{"id":2920,"date":"2022-01-13T12:29:34","date_gmt":"2022-01-13T12:29:34","guid":{"rendered":"http:\/\/areabadalona.com\/diario\/?p=2920"},"modified":"2022-01-13T12:29:35","modified_gmt":"2022-01-13T12:29:35","slug":"lajuntament-de-badalona-aposta-per-la-construccio-dun-centre-dassistencia-primaria-al-barri-de-sant-crist-de-can-cabanyes","status":"publish","type":"post","link":"https:\/\/areabadalona.com\/diario\/2022\/01\/13\/lajuntament-de-badalona-aposta-per-la-construccio-dun-centre-dassistencia-primaria-al-barri-de-sant-crist-de-can-cabanyes\/","title":{"rendered":"L\u2019Ajuntament de Badalona aposta per la construcci\u00f3 d\u2019un Centre d\u2019Assist\u00e8ncia Prim\u00e0ria al barri de Sant Crist de Can Cabanyes"},"content":{"rendered":"\n<p>L\u2019alcalde de Badalona, Rub\u00e9n Guijarro, acompanyat del regidor de l\u2019\u00c0rea d\u2019Espais P\u00fablics, Jordi Subirana, ha visitat aquest dimecres al mat\u00ed els baixos d\u2019un dels dos edificis que la cooperativa Arauca est\u00e0 construint a l\u2019avinguda dels Vents amb el carrer de la Batll\u00f2ria per refermar el comprom\u00eds del Govern municipal amb la construcci\u00f3 d\u2019un Centre d\u2019Assist\u00e8ncia Prim\u00e0ria per al barri de Sant Crist en aquesta ubicaci\u00f3. Es tracta d\u2019un local de m\u00e9s de 1.500 m\u00b2 on l\u2019Ajuntament vol acordar amb la Generalitat que es faci realitat el nou centre sanitari.&nbsp;<\/p>\n\n\n\n<p>Els baixos de l\u2019edifici s\u00f3n propietat de l\u2019Ajuntament de Badalona, que va concursar els terrenys on s\u2019ubiquen els edificis per construir habitatges en r\u00e8gim de lloguer social i venda de protecci\u00f3 oficial. A m\u00e9s, en aquest indret tamb\u00e9 s\u2019est\u00e0 executant una gran pla\u00e7a amb zones de jocs infantils i d\u2019esbarjo i una \u00e0rea de gossos. Tamb\u00e9 s\u2019est\u00e0 instal\u00b7lant un ascensor per assegurar l\u2019accessibilitat universal als ve\u00efns de la zona, ja que el carrer fa molt pendent i per accedir a la ubicaci\u00f3 cal salvar un gran desnivell. &nbsp;<\/p>\n\n\n\n<p>L\u2019alcalde de Badalona ha afirmat durant la visita que \u201cla construcci\u00f3 d\u2019un Centre d\u2019Assist\u00e8ncia Prim\u00e0ria al barri de Sant Crist de Can Cabanyes \u00e9s una de les prioritats del Govern municipal perqu\u00e8 es tracta d\u2019una reivindicaci\u00f3 hist\u00f2rica dels ve\u00efns que respon a una necessitat evident si ens fixem en la densitat de poblaci\u00f3 d\u2019aquesta zona\u201d. Guijarro ha assegurat que \u201cvolem que tots els barris de Badalona disposin de tots els serveis que mereixen i que els ve\u00efns i ve\u00efnes no s\u2019hagin de traslladar a altres punts de la ciutat cada cop que hagin d\u2019 anar al metge o accedir a un servei p\u00fablic\u201d. &nbsp;<\/p>\n","protected":false},"excerpt":{"rendered":"<p>L\u2019alcalde de Badalona, Rub\u00e9n Guijarro, acompanyat del regidor de l\u2019\u00c0rea d\u2019Espais P\u00fablics, Jordi Subirana, ha visitat aquest dimecres al mat\u00ed els baixos d\u2019un dels dos edificis que la cooperativa Arauca est\u00e0 construint a l\u2019avinguda dels Vents amb el carrer de la Batll\u00f2ria per refermar el comprom\u00eds del Govern municipal amb la construcci\u00f3 d\u2019un Centre d\u2019Assist\u00e8ncia [&hellip;]<\/p>\n","protected":false},"author":2,"featured_media":2921,"comment_status":"open","ping_status":"open","sticky":false,"template":"","format":"standard","meta":{"footnotes":""},"categories":[23],"tags":[],"class_list":{"0":"post-2920","1":"post","2":"type-post","3":"status-publish","4":"format-standard","5":"has-post-thumbnail","7":"category-actualitat"},"_links":{"self":[{"href":"https:\/\/areabadalona.com\/diario\/wp-json\/wp\/v2\/posts\/2920","targetHints":{"allow":["GET"]}}],"collection":[{"href":"https:\/\/areabadalona.com\/diario\/wp-json\/wp\/v2\/posts"}],"about":[{"href":"https:\/\/areabadalona.com\/diario\/wp-json\/wp\/v2\/types\/post"}],"author":[{"embeddable":true,"href":"https:\/\/areabadalona.com\/diario\/wp-json\/wp\/v2\/users\/2"}],"replies":[{"embeddable":true,"href":"https:\/\/areabadalona.com\/diario\/wp-json\/wp\/v2\/comments?post=2920"}],"version-history":[{"count":1,"href":"https:\/\/areabadalona.com\/diario\/wp-json\/wp\/v2\/posts\/2920\/revisions"}],"predecessor-version":[{"id":2922,"href":"https:\/\/areabadalona.com\/diario\/wp-json\/wp\/v2\/posts\/2920\/revisions\/2922"}],"wp:featuredmedia":[{"embeddable":true,"href":"https:\/\/areabadalona.com\/diario\/wp-json\/wp\/v2\/media\/2921"}],"wp:attachment":[{"href":"https:\/\/areabadalona.com\/diario\/wp-json\/wp\/v2\/media?parent=2920"}],"wp:term":[{"taxonomy":"category","embeddable":true,"href":"https:\/\/areabadalona.com\/diario\/wp-json\/wp\/v2\/categories?post=2920"},{"taxonomy":"post_tag","embeddable":true,"href":"https:\/\/areabadalona.com\/diario\/wp-json\/wp\/v2\/tags?post=2920"}],"curies":[{"name":"wp","href":"https:\/\/api.w.org\/{rel}","templated":true}]}}