{"id":2917,"date":"2022-01-11T17:27:00","date_gmt":"2022-01-11T17:27:00","guid":{"rendered":"http:\/\/areabadalona.com\/diario\/?p=2917"},"modified":"2022-01-12T10:27:51","modified_gmt":"2022-01-12T10:27:51","slug":"lajuntament-de-badalona-prepara-ajuts-especifics-per-al-col%c2%b7lectiu-de-loci-nocturn","status":"publish","type":"post","link":"https:\/\/areabadalona.com\/diario\/2022\/01\/11\/lajuntament-de-badalona-prepara-ajuts-especifics-per-al-col%c2%b7lectiu-de-loci-nocturn\/","title":{"rendered":"L\u2019Ajuntament de Badalona prepara ajuts espec\u00edfics per al col\u00b7lectiu de l\u2019oci nocturn"},"content":{"rendered":"\n<p>L\u2019Ajuntament de Badalona presentar\u00e0 durant les pr\u00f2ximes setmanes un conjunt de mesures espec\u00edfiques d\u2019ajuts destinats al sector de l\u2019oci nocturn de la ciutat, un dels col\u00b7lectius m\u00e9s afectats per les mesures restrictives a causa de la pand\u00e8mia de la Covid-19.&nbsp;<\/p>\n\n\n\n<p>Aquest mat\u00ed l\u2019alcalde de Badalona, Rub\u00e9n Guijarro; el primer tinent d\u2019alcaldia i regidor de l\u2019\u00c0mbit d\u2019Impuls de Ciutat i Reconstrucci\u00f3 COVID, \u00c0lex Montorn\u00e8s, i el tercer tinent d\u2019alcaldia i regidor de l\u2019\u00c0mbit de Protecci\u00f3 Social a les Persones i Impuls Comercial, David Torrents, s\u2019han reunit a l\u2019edifici municipal El Viver amb diversos empresaris de l\u2019oci nocturn de la ciutat per parlar sobre la situaci\u00f3 de dificultats que travessa aquest sector a Badalona.&nbsp;<\/p>\n\n\n\n<p>L\u2019alcalde Rub\u00e9n Guijarro, s\u2019ha comprom\u00e8s a \u201cmantenir reunions peri\u00f2diques amb aquest sector per concretar de manera seriosa i efectiva les bases dels ajuts que es concediran a l\u2019oci nocturn dins dels recursos que es posaran a l\u2019abast en el Pla de reconstrucci\u00f3 dels nous pressupostos municipals\u201d. El Govern municipal tamb\u00e9 s\u2019ha comprom\u00e8s a explorar qualsevol aspecte que pugui ajudar al sector a alleugerir la seva situaci\u00f3, tenint en compte que durant els darrers dos anys nom\u00e9s han pogut treballar amb una certa normalitat, i amb limitacions, durant poc m\u00e9s de tres mesos.&nbsp;<\/p>\n","protected":false},"excerpt":{"rendered":"<p>L\u2019Ajuntament de Badalona presentar\u00e0 durant les pr\u00f2ximes setmanes un conjunt de mesures espec\u00edfiques d\u2019ajuts destinats al sector de l\u2019oci nocturn de la ciutat, un dels col\u00b7lectius m\u00e9s afectats per les mesures restrictives a causa de la pand\u00e8mia de la Covid-19.&nbsp; Aquest mat\u00ed l\u2019alcalde de Badalona, Rub\u00e9n Guijarro; el primer tinent d\u2019alcaldia i regidor de l\u2019\u00c0mbit [&hellip;]<\/p>\n","protected":false},"author":2,"featured_media":2918,"comment_status":"open","ping_status":"open","sticky":false,"template":"","format":"standard","meta":{"footnotes":""},"categories":[23,24],"tags":[],"class_list":{"0":"post-2917","1":"post","2":"type-post","3":"status-publish","4":"format-standard","5":"has-post-thumbnail","7":"category-actualitat","8":"category-societat"},"_links":{"self":[{"href":"https:\/\/areabadalona.com\/diario\/wp-json\/wp\/v2\/posts\/2917","targetHints":{"allow":["GET"]}}],"collection":[{"href":"https:\/\/areabadalona.com\/diario\/wp-json\/wp\/v2\/posts"}],"about":[{"href":"https:\/\/areabadalona.com\/diario\/wp-json\/wp\/v2\/types\/post"}],"author":[{"embeddable":true,"href":"https:\/\/areabadalona.com\/diario\/wp-json\/wp\/v2\/users\/2"}],"replies":[{"embeddable":true,"href":"https:\/\/areabadalona.com\/diario\/wp-json\/wp\/v2\/comments?post=2917"}],"version-history":[{"count":1,"href":"https:\/\/areabadalona.com\/diario\/wp-json\/wp\/v2\/posts\/2917\/revisions"}],"predecessor-version":[{"id":2919,"href":"https:\/\/areabadalona.com\/diario\/wp-json\/wp\/v2\/posts\/2917\/revisions\/2919"}],"wp:featuredmedia":[{"embeddable":true,"href":"https:\/\/areabadalona.com\/diario\/wp-json\/wp\/v2\/media\/2918"}],"wp:attachment":[{"href":"https:\/\/areabadalona.com\/diario\/wp-json\/wp\/v2\/media?parent=2917"}],"wp:term":[{"taxonomy":"category","embeddable":true,"href":"https:\/\/areabadalona.com\/diario\/wp-json\/wp\/v2\/categories?post=2917"},{"taxonomy":"post_tag","embeddable":true,"href":"https:\/\/areabadalona.com\/diario\/wp-json\/wp\/v2\/tags?post=2917"}],"curies":[{"name":"wp","href":"https:\/\/api.w.org\/{rel}","templated":true}]}}