{"id":2914,"date":"2022-01-11T12:47:53","date_gmt":"2022-01-11T12:47:53","guid":{"rendered":"http:\/\/areabadalona.com\/diario\/?p=2914"},"modified":"2022-01-11T12:47:54","modified_gmt":"2022-01-11T12:47:54","slug":"lajuntament-de-badalona-presenta-al%c2%b7legacions-i-proposa-la-modificacio-del-reglament-de-costes-per-permetre-la-viabilitat-del-club-nautic-betulo","status":"publish","type":"post","link":"https:\/\/areabadalona.com\/diario\/2022\/01\/11\/lajuntament-de-badalona-presenta-al%c2%b7legacions-i-proposa-la-modificacio-del-reglament-de-costes-per-permetre-la-viabilitat-del-club-nautic-betulo\/","title":{"rendered":"L\u2019Ajuntament de Badalona presenta al\u00b7legacions i proposa la modificaci\u00f3 del Reglament de Costes per permetre la viabilitat del Club N\u00e0utic B\u00e9tulo"},"content":{"rendered":"\n<p>L\u2019Ajuntament de Badalona ha presentat davant el Ministeri per a la Transici\u00f3 Ecol\u00f2gica i el Repte Demogr\u00e0fic del Govern d\u2019Espanya diverses al\u00b7legacions en el marc del tr\u00e0mit d\u2019audi\u00e8ncia i informaci\u00f3 p\u00fablica previst en la <em>Ley 50\/1997, de 27 de novembre, de Gobierno<\/em> i la <em>Ley 39\/2015, de 1 de octubre, del Procedimiento Administrativo Com\u00fan de las Administraciones P\u00fablicas<\/em> demanant la modificaci\u00f3 del Reglament General de Costes. L\u2019objectiu d\u2019aquestes al\u00b7legacions de car\u00e0cter t\u00e8cnic \u00e9s que permetin la viabilitat de les instal\u00b7lacions i les activitats esportives de car\u00e0cter n\u00e0utic com \u00e9s el cas del Club N\u00e0utic B\u00e9tulo a Badalona. Aquestes esmenes estan coordinades amb la Generalitat de Catalunya i amb la Federaci\u00f3 Catalana de Vela.&nbsp;<\/p>\n\n\n\n<p>Les al\u00b7legacions presentades pels serveis jur\u00eddics de l\u2019Ajuntament de Badalona es centren en la modificaci\u00f3 de l\u2019article 70 i les disposicions transit\u00f2ries vig\u00e8sima cinquena i vig\u00e8sima sisena del Reglament de Costes sobre les instal\u00b7lacions destinades a activitats esportives de car\u00e0cter n\u00e0utic. L\u2019Ajuntament de Badalona, reconeixent en tot moment que cal preservar el valor ambiental de les platges, destaca que els clubs n\u00e0utics de platja amb implantaci\u00f3 al litoral catal\u00e0 desenvolupen activitats d\u2019esports n\u00e0utics a l\u2019abast de tothom, on es prioritzen les embarcacions de vela lleugera, amb un encaix m\u00e9s net i amable amb el medi ambient, amb esc\u00e0s impacte ambiental i amb una funci\u00f3 social i esportiva que fan que aquestes instal\u00b7lacions es puguin considerar d\u2019inter\u00e8s p\u00fablic.&nbsp;<\/p>\n\n\n\n<p>Per a la superviv\u00e8ncia dels clubs n\u00e0utics, \u201cintegrats plenament en la vida dels municipis de costa\u201d es proposa l\u2019ampliaci\u00f3 de 300 a 750m2 la superf\u00edcie del domini p\u00fablic mar\u00edtim-terrestre, limitant al 40% la superf\u00edcie ocupada per a usos complementaris (com ara la restauraci\u00f3) per a permetre la viabilitat econ\u00f2mica, juntament amb les quotes dels socis, d\u2019aquestes instal\u00b7lacions.&nbsp;<\/p>\n\n\n\n<p><strong>Petici\u00f3 de pr\u00f2rroga de la concessi\u00f3 d\u2019ocupaci\u00f3 del domini p\u00fablic mar\u00edtim terrestre&nbsp;<\/strong><\/p>\n\n\n\n<p>El passat 3 de desembre l\u2019Ajuntament de Badalona tamb\u00e9 va sol\u00b7licitar a la Generalitat de Catalunya la pr\u00f2rroga de la concessi\u00f3 d\u2019ocupaci\u00f3 del domini p\u00fablic mar\u00edtim-terrestre al Club N\u00e0utic B\u00e9tulo per permetre que aquesta entitat continu\u00ef desenvolupant les seves activitats que s\u00f3n considerades com a b\u00e9 cultural d\u2019inter\u00e8s local.&nbsp;<\/p>\n\n\n\n<p>L\u2019Ajuntament de Badalona fonamenta la petici\u00f3 de la renovaci\u00f3 de concessi\u00f3 d\u2019ocupaci\u00f3 del domini p\u00fablic al Club N\u00e0utic B\u00e9tulo per l\u2019inter\u00e8s p\u00fablic que tenen les activitats que es duen a terme en aquest espai. L\u2019Ajuntament considera que tal com \u201cho ha manifestat en reiterades ocasions, sigui quin sigui el govern en cada cas, (per tant, transcendeix al color pol\u00edtic del consistori per convertir-se en q\u00fcesti\u00f3 comuna a tots els grups que han governat aquest municipi) que les activitats que realitza el Club N\u00e0utic B\u00e9tulo, en l\u2019empla\u00e7ament que gaudeix principalment en concessi\u00f3 administrativa enfront del passeig Mar\u00edtim de Badalona, s\u00f3n del m\u00e0xim inter\u00e8s municipal\u201d. En aquest sentit, es reitera que \u201cles activitats que es realitzen s\u00f3n les de promoci\u00f3 i pr\u00e0ctica de l\u2019esport n\u00e0utic, en les seves diferents modalitats (vela, rem, submarinisme, nataci\u00f3, caiac, moton\u00e0utica i d\u2019altres), sobretot relacionat amb la vela lleugera, que t\u00e9 una transcend\u00e8ncia de primer nivell al municipi, amb \u00e0mplia participaci\u00f3 de la poblaci\u00f3 local\u201d.&nbsp;<\/p>\n\n\n\n<p>A m\u00e9s, l\u2019Ajuntament de Badalona ja va recordar que, per Acord de Plenari de 30 d&#8217;abril de 2019, es va aprovar la declaraci\u00f3 de B\u00e9 Cultural d\u2019inter\u00e8s Local (BCIL) les activitats que realitza el Club N\u00e0utic B\u00e8tulo a l\u2019empla\u00e7ament, tot recordant que la resoluci\u00f3 de denegaci\u00f3 de la concessi\u00f3 \u201catempta a la protecci\u00f3 d\u2019all\u00f2 que est\u00e0 declarat com b\u00e9 cultural d\u2019inter\u00e8s local, ja que comportar\u00e0 necess\u00e0riament la desaparici\u00f3 de l\u2019activitat que s\u2019est\u00e0 realitzant i s\u2019eliminar\u00e0 i desapareixer\u00e0 l\u2019activitat que gaudeix de protecci\u00f3\u201d.&nbsp;<\/p>\n","protected":false},"excerpt":{"rendered":"<p>L\u2019Ajuntament de Badalona ha presentat davant el Ministeri per a la Transici\u00f3 Ecol\u00f2gica i el Repte Demogr\u00e0fic del Govern d\u2019Espanya diverses al\u00b7legacions en el marc del tr\u00e0mit d\u2019audi\u00e8ncia i informaci\u00f3 p\u00fablica previst en la Ley 50\/1997, de 27 de novembre, de Gobierno i la Ley 39\/2015, de 1 de octubre, del Procedimiento Administrativo Com\u00fan de [&hellip;]<\/p>\n","protected":false},"author":2,"featured_media":2915,"comment_status":"open","ping_status":"open","sticky":false,"template":"","format":"standard","meta":{"footnotes":""},"categories":[23,26],"tags":[],"class_list":{"0":"post-2914","1":"post","2":"type-post","3":"status-publish","4":"format-standard","5":"has-post-thumbnail","7":"category-actualitat","8":"category-esports"},"_links":{"self":[{"href":"https:\/\/areabadalona.com\/diario\/wp-json\/wp\/v2\/posts\/2914","targetHints":{"allow":["GET"]}}],"collection":[{"href":"https:\/\/areabadalona.com\/diario\/wp-json\/wp\/v2\/posts"}],"about":[{"href":"https:\/\/areabadalona.com\/diario\/wp-json\/wp\/v2\/types\/post"}],"author":[{"embeddable":true,"href":"https:\/\/areabadalona.com\/diario\/wp-json\/wp\/v2\/users\/2"}],"replies":[{"embeddable":true,"href":"https:\/\/areabadalona.com\/diario\/wp-json\/wp\/v2\/comments?post=2914"}],"version-history":[{"count":1,"href":"https:\/\/areabadalona.com\/diario\/wp-json\/wp\/v2\/posts\/2914\/revisions"}],"predecessor-version":[{"id":2916,"href":"https:\/\/areabadalona.com\/diario\/wp-json\/wp\/v2\/posts\/2914\/revisions\/2916"}],"wp:featuredmedia":[{"embeddable":true,"href":"https:\/\/areabadalona.com\/diario\/wp-json\/wp\/v2\/media\/2915"}],"wp:attachment":[{"href":"https:\/\/areabadalona.com\/diario\/wp-json\/wp\/v2\/media?parent=2914"}],"wp:term":[{"taxonomy":"category","embeddable":true,"href":"https:\/\/areabadalona.com\/diario\/wp-json\/wp\/v2\/categories?post=2914"},{"taxonomy":"post_tag","embeddable":true,"href":"https:\/\/areabadalona.com\/diario\/wp-json\/wp\/v2\/tags?post=2914"}],"curies":[{"name":"wp","href":"https:\/\/api.w.org\/{rel}","templated":true}]}}