{"id":2908,"date":"2022-01-10T16:48:00","date_gmt":"2022-01-10T16:48:00","guid":{"rendered":"http:\/\/areabadalona.com\/diario\/?p=2908"},"modified":"2022-01-11T11:49:08","modified_gmt":"2022-01-11T11:49:08","slug":"badalona-participa-en-la-presentacio-de-catvers-el-metavers-en-catala-que-vol-configurar-el-futur-espai-virtual-de-les-xarxes-socials","status":"publish","type":"post","link":"https:\/\/areabadalona.com\/diario\/2022\/01\/10\/badalona-participa-en-la-presentacio-de-catvers-el-metavers-en-catala-que-vol-configurar-el-futur-espai-virtual-de-les-xarxes-socials\/","title":{"rendered":"Badalona participa en la presentaci\u00f3 de \u201cCatvers: el Metavers en catal\u00e0\u201d que vol configurar el futur espai virtual de les xarxes socials"},"content":{"rendered":"\n<p>L\u2019alcalde de Badalona, Rub\u00e9n Guijarro, i el primer tinent d\u2019alcaldia i regidor de l\u2019\u00c0mbit d\u2019Impuls de Ciutat i reconstrucci\u00f3 Covid, \u00c0lex Montorn\u00e8s, han participat aquest mat\u00ed en la presentaci\u00f3 de Catvers: el Metavers catal\u00e0, un projecte del Centre Blockchain de Catalunya (CBCat). El Metavers \u00e9s un incipient espai virtual on es podr\u00e0 interactuar de manera virtual i immersiva.&nbsp;<\/p>\n\n\n\n<p>El Centre Blockchain de Catalunya t\u00e9 com a finalitat promoure l\u2019adopci\u00f3 d\u2019actius digitals i tecnologies descentralitzades (DLTs) a Catalunya mitjan\u00e7ant la difusi\u00f3 i l\u2019alfabetitzaci\u00f3 digitals. Pel que fa al Metavers, es tracta d\u2019un m\u00f3n virtual al qual es pot connectar a trav\u00e9s de dispositius, com ara ulleres de realitat virtuals, que permet als usuaris interactuar com si estiguessin dins. Esdevindran plataformes interoperables que els usuaris visitaran com fem ara a les p\u00e0gines web, per\u00f2 en el format d\u2019entorns visuals interactius. Aquest \u00e9s un m\u00f3n tecnol\u00f2gic que obrir\u00e0 un gran ventall de possibilitats econ\u00f2miques i socials.&nbsp;<\/p>\n\n\n\n<p>El govern municipal de Badalona ha mostrat el seu comprom\u00eds de participar en l\u2019impuls d\u2019iniciatives que serveixin per transformar el teixit productiu amb ind\u00fastria de valor afegit i revertir la desindustrialitzaci\u00f3 que ha patit la ciutat durant els darrers anys. Des de l\u2019\u00c0mbit d\u2019Impuls de Ciutat i Recuperaci\u00f3 Covid s\u2019ha apostat, des de la constituci\u00f3 de l\u2019actual govern municipal, per portar la tecnologia Blockchain a Badalona. En aquest sentit, Badalona vol participar en el desenvolupament i l\u2019aplicaci\u00f3 d\u2019aquestes noves tecnologies que canviaran les relacions interpersonals, empresarials i socials, i ha reiterat la seva candidatura per acollir la subseu del Centre de Blockchain de Catalunya dedicada a l\u2019energia. Aquesta subseu estaria integrada en el futur Hub de les Tres Xemeneies, amb la participaci\u00f3 de les empreses rellevants en aquest \u00e0mbit situades al Barcelon\u00e8s Nord i el Campus de la Universitat Polit\u00e8cnica de Catalunya (UPC) situat a Sant Adri\u00e0 de Bes\u00f2s, en una iniciativa que compta amb el vistiplau de la Cambra Territorial del Barcelon\u00e8s Nord, l\u2019entitat Restarting de Badalona i la Federaci\u00f3 d\u2019Empresaris de Badalona.&nbsp;<\/p>\n","protected":false},"excerpt":{"rendered":"<p>L\u2019alcalde de Badalona, Rub\u00e9n Guijarro, i el primer tinent d\u2019alcaldia i regidor de l\u2019\u00c0mbit d\u2019Impuls de Ciutat i reconstrucci\u00f3 Covid, \u00c0lex Montorn\u00e8s, han participat aquest mat\u00ed en la presentaci\u00f3 de Catvers: el Metavers catal\u00e0, un projecte del Centre Blockchain de Catalunya (CBCat). El Metavers \u00e9s un incipient espai virtual on es podr\u00e0 interactuar de manera [&hellip;]<\/p>\n","protected":false},"author":2,"featured_media":2909,"comment_status":"open","ping_status":"open","sticky":false,"template":"","format":"standard","meta":{"footnotes":""},"categories":[23],"tags":[],"class_list":{"0":"post-2908","1":"post","2":"type-post","3":"status-publish","4":"format-standard","5":"has-post-thumbnail","7":"category-actualitat"},"_links":{"self":[{"href":"https:\/\/areabadalona.com\/diario\/wp-json\/wp\/v2\/posts\/2908","targetHints":{"allow":["GET"]}}],"collection":[{"href":"https:\/\/areabadalona.com\/diario\/wp-json\/wp\/v2\/posts"}],"about":[{"href":"https:\/\/areabadalona.com\/diario\/wp-json\/wp\/v2\/types\/post"}],"author":[{"embeddable":true,"href":"https:\/\/areabadalona.com\/diario\/wp-json\/wp\/v2\/users\/2"}],"replies":[{"embeddable":true,"href":"https:\/\/areabadalona.com\/diario\/wp-json\/wp\/v2\/comments?post=2908"}],"version-history":[{"count":1,"href":"https:\/\/areabadalona.com\/diario\/wp-json\/wp\/v2\/posts\/2908\/revisions"}],"predecessor-version":[{"id":2910,"href":"https:\/\/areabadalona.com\/diario\/wp-json\/wp\/v2\/posts\/2908\/revisions\/2910"}],"wp:featuredmedia":[{"embeddable":true,"href":"https:\/\/areabadalona.com\/diario\/wp-json\/wp\/v2\/media\/2909"}],"wp:attachment":[{"href":"https:\/\/areabadalona.com\/diario\/wp-json\/wp\/v2\/media?parent=2908"}],"wp:term":[{"taxonomy":"category","embeddable":true,"href":"https:\/\/areabadalona.com\/diario\/wp-json\/wp\/v2\/categories?post=2908"},{"taxonomy":"post_tag","embeddable":true,"href":"https:\/\/areabadalona.com\/diario\/wp-json\/wp\/v2\/tags?post=2908"}],"curies":[{"name":"wp","href":"https:\/\/api.w.org\/{rel}","templated":true}]}}