{"id":2904,"date":"2022-01-10T11:46:00","date_gmt":"2022-01-10T11:46:00","guid":{"rendered":"http:\/\/areabadalona.com\/diario\/?p=2904"},"modified":"2022-01-11T11:47:33","modified_gmt":"2022-01-11T11:47:33","slug":"epica-el-llegat-de-la-fura-dels-baus-seleccionat-al-festival-film-maudit-2-0","status":"publish","type":"post","link":"https:\/\/areabadalona.com\/diario\/2022\/01\/10\/epica-el-llegat-de-la-fura-dels-baus-seleccionat-al-festival-film-maudit-2-0\/","title":{"rendered":"\u00ab\u00c8pica. El llegat de la Fura dels Baus\u00bb, seleccionat al festival Film Maudit 2.0"},"content":{"rendered":"\n<p>El documental <em>\u00c8pica. El llegat de La Fura dels Baus<\/em>, produ\u00eft per La Fura i Badalona Comunicaci\u00f3, ha estat seleccionat per participar en la tercera edici\u00f3 del Film Maudit 2.0, un festival de cinema alternatiu que tindr\u00e0 lloc entre el 12 i el 23 de gener a Los Angeles, Calif\u00f2rnia.<\/p>\n\n\n\n<p>El certamen, que aquest any presenta una edici\u00f3 presencial i en l\u00ednia, exhibir\u00e0 m\u00e9s de 100 obres de 23 pa\u00efsos que tracten temes sociopol\u00edtics i q\u00fcestions considerades tab\u00fa en els circuits comercials. Tindr\u00e0 lloc al Highways Performance Space, un espai amb m\u00e9s de 30 anys d&#8217;hist\u00f2ria reconegut per acollir espectacles i activitats de caire independent.<\/p>\n\n\n\n<p>Els directors del documental, el periodista David Gonz\u00e1lez i el realitzador Joan Clusella, tots dos de Badalona Comunicaci\u00f3, han estat a m\u00e9s convidats a participar en un &#8216;Questions and answers&#8217; (Q&amp;A) que es podr\u00e0 seguir a trav\u00e9s del web del festival.<\/p>\n\n\n\n<p><strong>Una reflexi\u00f3 sobre els nous reptes sociotecnol\u00f2gics<\/strong><\/p>\n\n\n\n<p><em>\u00c8pica. El Llegat de La Fura dels Baus <\/em>\u00e9s un documental que endinsa l\u2019espectador en el proc\u00e9s de creaci\u00f3 del <em>workshop<\/em> \u2018Informaci\u00f3 vs Mem\u00f2ria\u2018, a trav\u00e9s del qual analitza la tasca de la Fundaci\u00f3 \u00c8pica de La Fura dels Baus i el paper de l\u2019art i la ci\u00e8ncia davant els nous reptes de l\u2019era de la informaci\u00f3.<\/p>\n\n\n\n<p>Cient\u00edfics, artistes, investigadors, xefs, fil\u00f2sofs i els ve\u00efns del barri del Manres\u00e0 de Badalona, on es troba la seu de la Fundaci\u00f3 \u00c8pica, participen en aquest <em>workshop<\/em> que no nom\u00e9s serveix per crear un espectacle multidisciplinari, sin\u00f3 tamb\u00e9 per posar a prova noves hip\u00f2tesis i tecnologies.<\/p>\n\n\n\n<div><a href=\"https:\/\/areabadalona.com\/diario\/wp-content\/uploads\/2022\/01\/fura_baus_02-1024x581.jpg\" class=\"td-modal-image\"><figure class=\"wp-block-image size-large\"><img loading=\"lazy\" decoding=\"async\" width=\"1024\" height=\"581\" src=\"https:\/\/areabadalona.com\/diario\/wp-content\/uploads\/2022\/01\/fura_baus_02-1024x581.jpg\" alt=\"\" class=\"wp-image-2905\" srcset=\"https:\/\/areabadalona.com\/diario\/wp-content\/uploads\/2022\/01\/fura_baus_02-1024x581.jpg 1024w, https:\/\/areabadalona.com\/diario\/wp-content\/uploads\/2022\/01\/fura_baus_02-300x170.jpg 300w, https:\/\/areabadalona.com\/diario\/wp-content\/uploads\/2022\/01\/fura_baus_02-768x436.jpg 768w, https:\/\/areabadalona.com\/diario\/wp-content\/uploads\/2022\/01\/fura_baus_02-150x85.jpg 150w, https:\/\/areabadalona.com\/diario\/wp-content\/uploads\/2022\/01\/fura_baus_02-696x395.jpg 696w, https:\/\/areabadalona.com\/diario\/wp-content\/uploads\/2022\/01\/fura_baus_02-1068x606.jpg 1068w, https:\/\/areabadalona.com\/diario\/wp-content\/uploads\/2022\/01\/fura_baus_02.jpg 1200w\" sizes=\"auto, (max-width: 1024px) 100vw, 1024px\" \/><\/figure><\/a><\/div>\n\n\n\n<p>Durant els 60 minuts del documental, l\u2019espectador experimenta, pr\u00e0cticament en primera persona, com \u00e9s el proc\u00e9s creatiu de La Fura dels Baus i coneix el treball que es fa a diferents centres de recerca. La privacitat, les <em>fake news<\/em>, la tecnologia col\u00b7laborativa, la transfer\u00e8ncia de coneixements, les idees preconcebudes sobre el g\u00e8nere o el funcionament del cervell s\u00f3n alguns dels temes que apareixen a la performance i sobre els quals professionals de diferents camps reflexionen en aquesta pel\u00b7l\u00edcula.<\/p>\n\n\n\n<p>Temes d\u2019actualitat que plantegen q\u00fcestions \u00e8tiques urgents davant els canvis socials i culturals que vindran de la m\u00e0 dels aven\u00e7os cient\u00edfics i tecnol\u00f2gics. I l\u2019art, aqu\u00ed, es presenta com un conductor potencial d\u2019aquest coneixement gr\u00e0cies a un llenguatge directe i impactant, per\u00f2, sobretot, al seu potencial per convertir l\u2019espectador en participant.<\/p>\n\n\n\n<p><em>\u00c8pica. El llegat de la Fura dels Baus <\/em>\u00e9s una de les pel\u00b7l\u00edcules seleccionades per veure\u2019s en l\u00ednia a trav\u00e9s de la web del festival arreu del m\u00f3n, en la que ser\u00e0 la seva estrena internacional.<\/p>\n","protected":false},"excerpt":{"rendered":"<p>El documental \u00c8pica. El llegat de La Fura dels Baus, produ\u00eft per La Fura i Badalona Comunicaci\u00f3, ha estat seleccionat per participar en la tercera edici\u00f3 del Film Maudit 2.0, un festival de cinema alternatiu que tindr\u00e0 lloc entre el 12 i el 23 de gener a Los Angeles, Calif\u00f2rnia. El certamen, que aquest any [&hellip;]<\/p>\n","protected":false},"author":2,"featured_media":2906,"comment_status":"open","ping_status":"open","sticky":false,"template":"","format":"standard","meta":{"footnotes":""},"categories":[25],"tags":[],"class_list":{"0":"post-2904","1":"post","2":"type-post","3":"status-publish","4":"format-standard","5":"has-post-thumbnail","7":"category-cultura"},"_links":{"self":[{"href":"https:\/\/areabadalona.com\/diario\/wp-json\/wp\/v2\/posts\/2904","targetHints":{"allow":["GET"]}}],"collection":[{"href":"https:\/\/areabadalona.com\/diario\/wp-json\/wp\/v2\/posts"}],"about":[{"href":"https:\/\/areabadalona.com\/diario\/wp-json\/wp\/v2\/types\/post"}],"author":[{"embeddable":true,"href":"https:\/\/areabadalona.com\/diario\/wp-json\/wp\/v2\/users\/2"}],"replies":[{"embeddable":true,"href":"https:\/\/areabadalona.com\/diario\/wp-json\/wp\/v2\/comments?post=2904"}],"version-history":[{"count":1,"href":"https:\/\/areabadalona.com\/diario\/wp-json\/wp\/v2\/posts\/2904\/revisions"}],"predecessor-version":[{"id":2907,"href":"https:\/\/areabadalona.com\/diario\/wp-json\/wp\/v2\/posts\/2904\/revisions\/2907"}],"wp:featuredmedia":[{"embeddable":true,"href":"https:\/\/areabadalona.com\/diario\/wp-json\/wp\/v2\/media\/2906"}],"wp:attachment":[{"href":"https:\/\/areabadalona.com\/diario\/wp-json\/wp\/v2\/media?parent=2904"}],"wp:term":[{"taxonomy":"category","embeddable":true,"href":"https:\/\/areabadalona.com\/diario\/wp-json\/wp\/v2\/categories?post=2904"},{"taxonomy":"post_tag","embeddable":true,"href":"https:\/\/areabadalona.com\/diario\/wp-json\/wp\/v2\/tags?post=2904"}],"curies":[{"name":"wp","href":"https:\/\/api.w.org\/{rel}","templated":true}]}}