{"id":2901,"date":"2022-01-10T11:26:43","date_gmt":"2022-01-10T11:26:43","guid":{"rendered":"http:\/\/areabadalona.com\/diario\/?p=2901"},"modified":"2022-01-10T11:26:44","modified_gmt":"2022-01-10T11:26:44","slug":"lajuntament-de-badalona-impulsa-un-programa-per-contractar-41-persones-en-situacio-datur-durant-dotze-mesos","status":"publish","type":"post","link":"https:\/\/areabadalona.com\/diario\/2022\/01\/10\/lajuntament-de-badalona-impulsa-un-programa-per-contractar-41-persones-en-situacio-datur-durant-dotze-mesos\/","title":{"rendered":"L\u2019Ajuntament de Badalona impulsa un programa per contractar 41 persones en situaci\u00f3 d\u2019atur durant dotze mesos"},"content":{"rendered":"\n<p>L\u2019Ajuntament de Badalona, a trav\u00e9s del servei Impuls Municipal de Promoci\u00f3 de l\u2019Ocupaci\u00f3 (IMPO) seleccionar\u00e0 i contractar\u00e0, a trav\u00e9s de la derivaci\u00f3 que faci el Servei d\u2019Ocupaci\u00f3 de Catalunya (SOC), durant 12 mesos, a 41 persones aturades mitjan\u00e7ant una nova edici\u00f3 del programa \u201cTreball i Formaci\u00f3\u201d.&nbsp;<\/p>\n\n\n\n<p>En concret hi ha dues l\u00ednies d\u2019actuaci\u00f3:&nbsp;<\/p>\n\n\n\n<ul class=\"wp-block-list\"><li>La L\u00ednia MG45: 20 persones de 45 anys o m\u00e9s que estiguin en situaci\u00f3 d&#8217;atur inscrites com a demandants d&#8217;ocupaci\u00f3 no ocupades.&nbsp;<br><br>&nbsp;<\/li><li>I la L\u00ednia DONA: 21 dones aturades que compleixin una d\u2019aquestes dues situacions:&nbsp;<br><br>SITUACIO A) Dones en situaci\u00f3 d&#8217;atur inscrites com a demandants d&#8217;ocupaci\u00f3 no ocupades, v\u00edctimes de viol\u00e8ncia masclista. Tindran car\u00e0cter preferent, les dones que siguin mares monoparentals.&nbsp;<br><br>SITUACI\u00d3 B) Dones en situaci\u00f3 d&#8217;atur de llarga durada (com a m\u00ednim 6 mesos durant els 24 mesos anteriors al 30\/12\/2021) no perceptores de prestaci\u00f3 per desocupaci\u00f3 o subsidi ni d&#8217;ajuts.&nbsp;<br><br>&nbsp;<\/li><\/ul>\n\n\n\n<p>Es prioritzen les dones monoparentals i les que no tinguin la cotitzaci\u00f3 suficient perqu\u00e8 se&#8217;ls reconegui la pensi\u00f3 de jubilaci\u00f3 quan arribin a l&#8217;edat ordin\u00e0ria de jubilaci\u00f3&nbsp;<\/p>\n\n\n\n<p>Les persones contractades desenvoluparan la seva feina entre el mes de febrer de 2022 i el mes de febrer de 2023 amb l\u2019objectiu de millorar la seva ocupabilitat amb l\u2019adquisici\u00f3 d\u2019aptituds i compet\u00e8ncies, tant professionals i t\u00e8cniques, com personals i transversals.&nbsp;<\/p>\n\n\n\n<p>Aquestes persones rebran una formaci\u00f3 transversal de 80 hores en temps de treball.&nbsp;<\/p>\n\n\n\n<p>Entre el 26 i 28 de gener l\u2019IMPO es posar\u00e0 en contacte amb aquelles persones que compleixin amb els requisits administratius i amb el perfil del lloc de treball, segons les dades facilitades per les oficines de treball del municipi per entregar un formulari d\u2019inscripci\u00f3 i la data, hora i lloc de la convocat\u00f2ria per a l\u2019entrevista, que es podr\u00e0 fer per mitjans telem\u00e0tics.&nbsp;<\/p>\n\n\n\n<p>Per qualsevol consulta referent a aquesta convocat\u00f2ria podeu trucar al tel\u00e8fon 93 460 52 00, de 9 a 14 hores, fins el 24 de gener.&nbsp;<\/p>\n\n\n\n<p>En aquest sentit, el primer tinent d\u2019alcaldia, Alex Montorn\u00e8s, ha afirmat que \u00aben un moment com el que vivim, tenim molt clar que el nostre govern apostar\u00e0 sempre per les mesures que contribueixin al foment de l\u2019ocupaci\u00f3 a Badalona\u201d.&nbsp;<\/p>\n","protected":false},"excerpt":{"rendered":"<p>L\u2019Ajuntament de Badalona, a trav\u00e9s del servei Impuls Municipal de Promoci\u00f3 de l\u2019Ocupaci\u00f3 (IMPO) seleccionar\u00e0 i contractar\u00e0, a trav\u00e9s de la derivaci\u00f3 que faci el Servei d\u2019Ocupaci\u00f3 de Catalunya (SOC), durant 12 mesos, a 41 persones aturades mitjan\u00e7ant una nova edici\u00f3 del programa \u201cTreball i Formaci\u00f3\u201d.&nbsp; En concret hi ha dues l\u00ednies d\u2019actuaci\u00f3:&nbsp; La L\u00ednia [&hellip;]<\/p>\n","protected":false},"author":2,"featured_media":2034,"comment_status":"open","ping_status":"open","sticky":false,"template":"","format":"standard","meta":{"footnotes":""},"categories":[23],"tags":[],"class_list":{"0":"post-2901","1":"post","2":"type-post","3":"status-publish","4":"format-standard","5":"has-post-thumbnail","7":"category-actualitat"},"_links":{"self":[{"href":"https:\/\/areabadalona.com\/diario\/wp-json\/wp\/v2\/posts\/2901","targetHints":{"allow":["GET"]}}],"collection":[{"href":"https:\/\/areabadalona.com\/diario\/wp-json\/wp\/v2\/posts"}],"about":[{"href":"https:\/\/areabadalona.com\/diario\/wp-json\/wp\/v2\/types\/post"}],"author":[{"embeddable":true,"href":"https:\/\/areabadalona.com\/diario\/wp-json\/wp\/v2\/users\/2"}],"replies":[{"embeddable":true,"href":"https:\/\/areabadalona.com\/diario\/wp-json\/wp\/v2\/comments?post=2901"}],"version-history":[{"count":1,"href":"https:\/\/areabadalona.com\/diario\/wp-json\/wp\/v2\/posts\/2901\/revisions"}],"predecessor-version":[{"id":2902,"href":"https:\/\/areabadalona.com\/diario\/wp-json\/wp\/v2\/posts\/2901\/revisions\/2902"}],"wp:featuredmedia":[{"embeddable":true,"href":"https:\/\/areabadalona.com\/diario\/wp-json\/wp\/v2\/media\/2034"}],"wp:attachment":[{"href":"https:\/\/areabadalona.com\/diario\/wp-json\/wp\/v2\/media?parent=2901"}],"wp:term":[{"taxonomy":"category","embeddable":true,"href":"https:\/\/areabadalona.com\/diario\/wp-json\/wp\/v2\/categories?post=2901"},{"taxonomy":"post_tag","embeddable":true,"href":"https:\/\/areabadalona.com\/diario\/wp-json\/wp\/v2\/tags?post=2901"}],"curies":[{"name":"wp","href":"https:\/\/api.w.org\/{rel}","templated":true}]}}