{"id":2898,"date":"2022-01-05T12:30:22","date_gmt":"2022-01-05T12:30:22","guid":{"rendered":"http:\/\/areabadalona.com\/diario\/?p=2898"},"modified":"2022-01-05T12:30:22","modified_gmt":"2022-01-05T12:30:22","slug":"onze-candidats-sincorporen-aquest-dilluns-10-de-gener-a-lescola-de-policia-de-catalunya-per-formar-part-de-la-guardia-urbana-de-badalona","status":"publish","type":"post","link":"https:\/\/areabadalona.com\/diario\/2022\/01\/05\/onze-candidats-sincorporen-aquest-dilluns-10-de-gener-a-lescola-de-policia-de-catalunya-per-formar-part-de-la-guardia-urbana-de-badalona\/","title":{"rendered":"Onze candidats s\u2019incorporen aquest dilluns 10 de gener a l\u2019Escola de Policia de Catalunya per formar part de la Gu\u00e0rdia Urbana de Badalona"},"content":{"rendered":"\n<p>El pr\u00f2xim dilluns 10 de gener onze candidats iniciaran el curs de l\u2019Escola de Policia de Catalunya per formar part de la Gu\u00e0rdia Urbana de Badalona. Les persones candidates es formaran durant 1.100 hores a l\u2019escola de l\u2019Institut de Seguretat P\u00fablica de Catalunya situat a Mollet del Vall\u00e8s, posteriorment faran un per\u00edode de pr\u00e0ctiques i, finalment, s\u2019incorporaran al cos policial municipal. &nbsp;<\/p>\n\n\n\n<p>Els onze candidats s\u00f3n els aspirants que han superat proc\u00e9s selectiu de 26 places vacants de la Gu\u00e0rdia Urbana de Badalona que es va obrir al novembre de l\u2019any 2020. Despr\u00e9s de la tercera prova del proc\u00e9s, que van superar 165 persones, el Tribunal Qualificador va determinar que nom\u00e9s els 100 primers candidats avancessin en el proc\u00e9s. D\u2019aquestes persones, 32 van aprovar totes les proves per ser agent del cos municipal. Tanmateix, 21 d\u2019aquests aspirants finalment va declinar formar part de la Gu\u00e0rdia Urbana de Badalona i van triar altres opcions, ja que tamb\u00e9 havien superat altres processos de selecci\u00f3. &nbsp;<\/p>\n\n\n\n<p>El sis\u00e8 tinent d\u2019Alcaldia i regidor de l\u2019\u00c0mbit de Govern i Seguretat Ciutadana, Christian Carneado, ha explicat que \u201clamentem la decisi\u00f3 arbitr\u00e0ria i contr\u00e0ria a un informe intern de la mateixa Gu\u00e0rdia Urbana que va prendre l\u2019anterior govern en el proc\u00e9s selectiu de 26 places vacants de Gu\u00e0rdia Urbana de Badalona, ja que va impedir que 65 persones poguessin ser avaluades i va suposar que finalment nom\u00e9s 32 candidats superessin totes les proves\u201d. Segons el regidor, \u201caquesta xifra d\u2019aprovats \u00e9s insuficient per cobrir un proc\u00e9s com aquest perqu\u00e8, normalment, les persones candidates participen a la vegada en altres processos selectius i poden optar per altres possibilitats i destinacions\u201d.&nbsp;<\/p>\n\n\n\n<p>En aquest sentit, el regidor responsable del cos de seguretat de la ciutat ha destacat que \u201cen molts casos els agents trien altres opcions perqu\u00e8 la Gu\u00e0rdia Urbana de Badalona pateix un problema end\u00e8mic, ja que no t\u00e9 una equitat salarial amb altres cossos policials\u201d. Carneado ha assegurat que \u201cel Govern municipal est\u00e0 treballant per revertir aquesta situaci\u00f3 i equiparar salarialment als agents de la Gu\u00e0rdia Urbana de Badalona amb altres policies locals de caracter\u00edstiques similars\u201d. &nbsp;<\/p>\n\n\n\n<p>El regidor Carneado ha afirmat que \u201cactualment ja estem treballant per obrir durant aquest any diversos processos selectius per incorporar 33 agents&nbsp; i augmentar aix\u00ed el nombre d\u2019efectius del cos policial de Badalona\u201d. &nbsp;<\/p>\n","protected":false},"excerpt":{"rendered":"<p>El pr\u00f2xim dilluns 10 de gener onze candidats iniciaran el curs de l\u2019Escola de Policia de Catalunya per formar part de la Gu\u00e0rdia Urbana de Badalona. Les persones candidates es formaran durant 1.100 hores a l\u2019escola de l\u2019Institut de Seguretat P\u00fablica de Catalunya situat a Mollet del Vall\u00e8s, posteriorment faran un per\u00edode de pr\u00e0ctiques i, [&hellip;]<\/p>\n","protected":false},"author":2,"featured_media":1895,"comment_status":"open","ping_status":"open","sticky":false,"template":"","format":"standard","meta":{"footnotes":""},"categories":[23,24],"tags":[],"class_list":{"0":"post-2898","1":"post","2":"type-post","3":"status-publish","4":"format-standard","5":"has-post-thumbnail","7":"category-actualitat","8":"category-societat"},"_links":{"self":[{"href":"https:\/\/areabadalona.com\/diario\/wp-json\/wp\/v2\/posts\/2898","targetHints":{"allow":["GET"]}}],"collection":[{"href":"https:\/\/areabadalona.com\/diario\/wp-json\/wp\/v2\/posts"}],"about":[{"href":"https:\/\/areabadalona.com\/diario\/wp-json\/wp\/v2\/types\/post"}],"author":[{"embeddable":true,"href":"https:\/\/areabadalona.com\/diario\/wp-json\/wp\/v2\/users\/2"}],"replies":[{"embeddable":true,"href":"https:\/\/areabadalona.com\/diario\/wp-json\/wp\/v2\/comments?post=2898"}],"version-history":[{"count":1,"href":"https:\/\/areabadalona.com\/diario\/wp-json\/wp\/v2\/posts\/2898\/revisions"}],"predecessor-version":[{"id":2899,"href":"https:\/\/areabadalona.com\/diario\/wp-json\/wp\/v2\/posts\/2898\/revisions\/2899"}],"wp:featuredmedia":[{"embeddable":true,"href":"https:\/\/areabadalona.com\/diario\/wp-json\/wp\/v2\/media\/1895"}],"wp:attachment":[{"href":"https:\/\/areabadalona.com\/diario\/wp-json\/wp\/v2\/media?parent=2898"}],"wp:term":[{"taxonomy":"category","embeddable":true,"href":"https:\/\/areabadalona.com\/diario\/wp-json\/wp\/v2\/categories?post=2898"},{"taxonomy":"post_tag","embeddable":true,"href":"https:\/\/areabadalona.com\/diario\/wp-json\/wp\/v2\/tags?post=2898"}],"curies":[{"name":"wp","href":"https:\/\/api.w.org\/{rel}","templated":true}]}}