{"id":2895,"date":"2022-01-05T11:24:03","date_gmt":"2022-01-05T11:24:03","guid":{"rendered":"http:\/\/areabadalona.com\/diario\/?p=2895"},"modified":"2022-01-05T11:24:04","modified_gmt":"2022-01-05T11:24:04","slug":"la-cavalcada-de-reis-torna-a-badalona-amb-mesures-sanitaries-per-garantir-la-seguretat-de-la-ciutadania","status":"publish","type":"post","link":"https:\/\/areabadalona.com\/diario\/2022\/01\/05\/la-cavalcada-de-reis-torna-a-badalona-amb-mesures-sanitaries-per-garantir-la-seguretat-de-la-ciutadania\/","title":{"rendered":"La Cavalcada de Reis torna a Badalona amb mesures sanit\u00e0ries per garantir la seguretat de la ciutadania"},"content":{"rendered":"\n<p>La Cavalcada de Reis de Badalona es tornar\u00e0 a celebrar aquest dimecres 5 de gener amb diverses mesures sanit\u00e0ries per tal de garantir la seguretat de tota la ciutadania. Seguint els protocols establerts, tots els participants i assistents a la celebraci\u00f3 que tinguin m\u00e9s de sis anys hauran de portar posada en tot moment la mascareta. Tamb\u00e9 es demana que sempre que sigui possible les bombolles de conviv\u00e8ncia es mantinguin juntes deixant la dist\u00e0ncia de seguretat amb les altres persones. Els membres de la comitiva reial, inclosos els tres Reis d\u2019Orient, portaran tamb\u00e9 la mascareta. &nbsp;<\/p>\n\n\n\n<p>A m\u00e9s, un dispositiu de 30 agents de Gu\u00e0rdia Urbana s\u2019encarregar\u00e0 de la seguretat de l\u2019esdeveniment i treballar\u00e0 perqu\u00e8 aquestes mesures es compleixen. Els efectius policials comptaran amb la col\u00b7laboraci\u00f3 d\u2019una desena de voluntaris de Protecci\u00f3 Civil i dels t\u00e8cnics municipals que participen en l\u2019acte. Per fer m\u00e9s f\u00e0cil el compliment de les mesures sanit\u00e0ries, en part del recorregut es retiraran contenidors per fer els carrers m\u00e9s amples.&nbsp;<\/p>\n\n\n\n<p>Amb l\u2019objectiu d\u2019evitar les grans aglomeracions i afavorir que la gent porti en tot moment la mascareta, enguany les carrosses dolces no llen\u00e7aran caramels. No obstant aix\u00f2, per garantir que tots els infants de la ciutat tenen llaminadures, s\u2019han habilitat diversos punts de la ciutat on es podran recollir els caramels durant aquest dimarts i dem\u00e0 dimecres. Concretament, els punts de recollida s\u00f3n els seg\u00fcents: &nbsp;<\/p>\n\n\n\n<p><strong><u>Dimarts 4 de gener:&nbsp;<\/u><\/strong><\/p>\n\n\n\n<ul class=\"wp-block-list\"><li>CC M\u00e0gic, d\u201911 a 13 hores i de 17 a 19 hores&nbsp;<\/li><li>Passeig de la Salut, de 17 a 20 hores&nbsp;<\/li><li>Campament Reial, de 17 a 21 hores&nbsp;<\/li><li>AV de Pomar, aquesta tarda despr\u00e9s de la passejada dels Reis pel barri&nbsp;<\/li><\/ul>\n\n\n\n<p><strong><u><br><\/u><\/strong><strong><u>Dimarts 4 i dimecres 5 de gener:&nbsp;<\/u><\/strong><\/p>\n\n\n\n<ul class=\"wp-block-list\"><li>Mercats municipals Maignon, La Salut, Llefi\u00e0, Torner i Sant Roc, durant tot el mat\u00ed&nbsp;<\/li><\/ul>\n\n\n\n<p>Per a la Cavalcada d\u2019aquest any, l\u2019Ajuntament de Badalona ha reservat un espai per als infants amb diversitat funcional a la pla\u00e7a de Josep Cortines des d\u2019on podran gaudir de tota la cavalcada. Per afavorir l\u2019organitzaci\u00f3 d\u2019aquest espai es demana que els acompanyants dels infants que estiguin interessats a ocupar aquesta zona s\u2019apuntin trucant al tel\u00e8fon 681 341 646 entre les 9 i les 14 hores i les 16 i les 18 hores. Tamb\u00e9 hi haur\u00e0 dues persones que interpretaran en llenguatge de signes, tant en castell\u00e0 com en catal\u00e0, els missatges que es vagin difonent des de les carrosses. Els int\u00e8rprets, que estaran situats darrere de la comitiva del rei Baltasar, formen part de la Llar de Sords de Badalona. &nbsp;&nbsp;<\/p>\n\n\n\n<p>Aquestes mesures han estat detallades per l\u2019alcalde de Badalona, Rub\u00e9n Guijarro, i la regidora de Cultura i Mobilitat, Anna Maria Lara, durant&nbsp; la visita que han fet aquest mat\u00ed a l\u2019espai on s\u2019estan preparant les carrosses que dem\u00e0 recorreran els carrers de la ciutat. L\u2019alcalde ha explicat que \u201cdes del Govern municipal hem treballat perqu\u00e8 dem\u00e0 els badalonins i badalonines gaudeixin d\u2019una cavalcada m\u00e0gica i segura\u201d. En aquest sentit, Guijarro ha destacat que \u201cenguany els infants podran veure un espectacle ple d\u2019alegria,&nbsp; emoci\u00f3 i novetats, com per exemple les noves carrosses, que posen la Cavalcada de Badalona a l\u2019altura que es mereix una ciutat com la nostra\u201d. &nbsp;<\/p>\n\n\n\n<p>Per la seva banda, Anna Maria Lara ha destacat que \u201cenguany introdu\u00efm una novetat molt important reservant un espai per als infants amb diversitat funcional, ja que per primera vegada podran gaudir des d\u2019una \u00e0rea delimitada de l\u2019acte m\u00e9s m\u00e0gic de la ciutat\u201d. La regidora de Cultura i Mobilitat ha explicat que \u201cdes del Govern municipal tenim el ferm comprom\u00eds d\u2019incorporar espais i elements que facilitin la pres\u00e8ncia i participaci\u00f3 de tothom en els actes de ciutat\u201d. &nbsp;<\/p>\n\n\n\n<p><strong>Una Cavalcada sota les estrelles&nbsp;<\/strong><\/p>\n\n\n\n<p>La Cavalcada de Reis de Badalona d\u2019aquest any ser\u00e0 una cavalcada sota les estrelles, marcada pels tres grans astres que envolten les nostres vides: el Sol, la Lluna i la Terra, que amb la seva m\u00e0gia acompanyaran als tres Reis Orient. Ser\u00e0 una Cavalcada on la llum i la m\u00fasica seran protagonistes, amb unes carrosses il\u00b7luminades pels astres i per les estrelles i capitanejades per ballarines i ballarins amb els seus est\u00e0ndards. La comitiva ser\u00e0 una barreja entre el que \u00e9s tradici\u00f3 (carters, comparsa dels xumets, la carbonera, etc.) i la innovaci\u00f3, per donar-li un nou aire i reorganitzant aix\u00ed les carrosses dels Reis i les ballarines i patges que els acompanyen.&nbsp;<\/p>\n\n\n\n<p>La Cavalcada d\u2019enguany comen\u00e7ar\u00e0 a les 18 hores del dimecres a l\u2019avinguda de Pius XII, a la cantonada del carrer de Ramiro de Maetzu. Continuar\u00e0 per l\u2019avinguda del Marqu\u00e8s de Sant Mori fins a arribar al carrer on girar\u00e0 per baixar pel carrer de Juan Valera. A les 18.45 hores, la comitiva arribar\u00e0 al Gorg i recorrer\u00e0 el carrer d\u2019Alfons XII, posteriorment el carrer de Francesc Maci\u00e0, el carrer de la Creu i el carrer de Francesc Layret, fins a arribar a la pla\u00e7a de la Vila a les 19.45 hores. La Cavalcada continuar\u00e0 fins al carrer d\u2019en Prim, on es posar\u00e0 punt final a la celebraci\u00f3 al voltant de les 20.15 hores. &nbsp;<\/p>\n\n\n\n<p>La Cavalcada de Reis \u00e9s un espai d\u2019uni\u00f3 de la ciutat i compta amb la participaci\u00f3 i el treball de bona part del teixit social i cultural de Badalona format per les diverses entitats teatrals, de dansa, esportives i de car\u00e0cter social. &nbsp;<\/p>\n","protected":false},"excerpt":{"rendered":"<p>La Cavalcada de Reis de Badalona es tornar\u00e0 a celebrar aquest dimecres 5 de gener amb diverses mesures sanit\u00e0ries per tal de garantir la seguretat de tota la ciutadania. Seguint els protocols establerts, tots els participants i assistents a la celebraci\u00f3 que tinguin m\u00e9s de sis anys hauran de portar posada en tot moment la [&hellip;]<\/p>\n","protected":false},"author":2,"featured_media":2896,"comment_status":"open","ping_status":"open","sticky":false,"template":"","format":"standard","meta":{"footnotes":""},"categories":[23],"tags":[],"class_list":{"0":"post-2895","1":"post","2":"type-post","3":"status-publish","4":"format-standard","5":"has-post-thumbnail","7":"category-actualitat"},"_links":{"self":[{"href":"https:\/\/areabadalona.com\/diario\/wp-json\/wp\/v2\/posts\/2895","targetHints":{"allow":["GET"]}}],"collection":[{"href":"https:\/\/areabadalona.com\/diario\/wp-json\/wp\/v2\/posts"}],"about":[{"href":"https:\/\/areabadalona.com\/diario\/wp-json\/wp\/v2\/types\/post"}],"author":[{"embeddable":true,"href":"https:\/\/areabadalona.com\/diario\/wp-json\/wp\/v2\/users\/2"}],"replies":[{"embeddable":true,"href":"https:\/\/areabadalona.com\/diario\/wp-json\/wp\/v2\/comments?post=2895"}],"version-history":[{"count":1,"href":"https:\/\/areabadalona.com\/diario\/wp-json\/wp\/v2\/posts\/2895\/revisions"}],"predecessor-version":[{"id":2897,"href":"https:\/\/areabadalona.com\/diario\/wp-json\/wp\/v2\/posts\/2895\/revisions\/2897"}],"wp:featuredmedia":[{"embeddable":true,"href":"https:\/\/areabadalona.com\/diario\/wp-json\/wp\/v2\/media\/2896"}],"wp:attachment":[{"href":"https:\/\/areabadalona.com\/diario\/wp-json\/wp\/v2\/media?parent=2895"}],"wp:term":[{"taxonomy":"category","embeddable":true,"href":"https:\/\/areabadalona.com\/diario\/wp-json\/wp\/v2\/categories?post=2895"},{"taxonomy":"post_tag","embeddable":true,"href":"https:\/\/areabadalona.com\/diario\/wp-json\/wp\/v2\/tags?post=2895"}],"curies":[{"name":"wp","href":"https:\/\/api.w.org\/{rel}","templated":true}]}}