{"id":2888,"date":"2021-12-30T09:19:00","date_gmt":"2021-12-30T09:19:00","guid":{"rendered":"http:\/\/areabadalona.com\/diario\/?p=2888"},"modified":"2021-12-31T11:15:55","modified_gmt":"2021-12-31T11:15:55","slug":"area-badalona-97-desembre-2021","status":"publish","type":"post","link":"https:\/\/areabadalona.com\/diario\/2021\/12\/30\/area-badalona-97-desembre-2021\/","title":{"rendered":"\u00c0rea Badalona 97 Desembre 2021"},"content":{"rendered":"\n<p>En el n\u00famero de desembre de l\u2019\u00c0rea Badalona destaquem que torna el campament reial per als m\u00e9s petits, amb mesures de seguretat per la situaci\u00f3 sanit\u00e0ria provocada per la Covid19. Tamb\u00e9 parlem la creaci\u00f3 de la Coordinadora Ve\u00efnal del Baix Bes\u00f2s, i que la ll\u00fadriga torna a reproduir-se al Tordera i el Bes\u00f2s 40 anys despr\u00e9s. <\/p>\n\n\n<a href=\"https:\/\/areabadalona.com\/diario\/wp-content\/uploads\/2021\/12\/AREABADALONA097.pdf\" class=\"pdfemb-viewer\" style=\"\" data-width=\"max\" data-height=\"max\" data-toolbar=\"bottom\" data-toolbar-fixed=\"off\">AREABADALONA097<\/a>\n<p class=\"wp-block-pdfemb-pdf-embedder-viewer\"><\/p>\n","protected":false},"excerpt":{"rendered":"<p>En el n\u00famero de desembre de l\u2019\u00c0rea Badalona destaquem que torna el campament reial per als m\u00e9s petits, amb mesures de seguretat per la situaci\u00f3 sanit\u00e0ria provocada per la Covid19. Tamb\u00e9 parlem la creaci\u00f3 de la Coordinadora Ve\u00efnal del Baix Bes\u00f2s, i que la ll\u00fadriga torna a reproduir-se al Tordera i el Bes\u00f2s 40 anys [&hellip;]<\/p>\n","protected":false},"author":2,"featured_media":2890,"comment_status":"open","ping_status":"open","sticky":false,"template":"","format":"standard","meta":{"footnotes":""},"categories":[30],"tags":[],"class_list":{"0":"post-2888","1":"post","2":"type-post","3":"status-publish","4":"format-standard","5":"has-post-thumbnail","7":"category-edicio-impresa"},"_links":{"self":[{"href":"https:\/\/areabadalona.com\/diario\/wp-json\/wp\/v2\/posts\/2888","targetHints":{"allow":["GET"]}}],"collection":[{"href":"https:\/\/areabadalona.com\/diario\/wp-json\/wp\/v2\/posts"}],"about":[{"href":"https:\/\/areabadalona.com\/diario\/wp-json\/wp\/v2\/types\/post"}],"author":[{"embeddable":true,"href":"https:\/\/areabadalona.com\/diario\/wp-json\/wp\/v2\/users\/2"}],"replies":[{"embeddable":true,"href":"https:\/\/areabadalona.com\/diario\/wp-json\/wp\/v2\/comments?post=2888"}],"version-history":[{"count":1,"href":"https:\/\/areabadalona.com\/diario\/wp-json\/wp\/v2\/posts\/2888\/revisions"}],"predecessor-version":[{"id":2891,"href":"https:\/\/areabadalona.com\/diario\/wp-json\/wp\/v2\/posts\/2888\/revisions\/2891"}],"wp:featuredmedia":[{"embeddable":true,"href":"https:\/\/areabadalona.com\/diario\/wp-json\/wp\/v2\/media\/2890"}],"wp:attachment":[{"href":"https:\/\/areabadalona.com\/diario\/wp-json\/wp\/v2\/media?parent=2888"}],"wp:term":[{"taxonomy":"category","embeddable":true,"href":"https:\/\/areabadalona.com\/diario\/wp-json\/wp\/v2\/categories?post=2888"},{"taxonomy":"post_tag","embeddable":true,"href":"https:\/\/areabadalona.com\/diario\/wp-json\/wp\/v2\/tags?post=2888"}],"curies":[{"name":"wp","href":"https:\/\/api.w.org\/{rel}","templated":true}]}}