{"id":2885,"date":"2021-12-30T12:00:59","date_gmt":"2021-12-30T12:00:59","guid":{"rendered":"http:\/\/areabadalona.com\/diario\/?p=2885"},"modified":"2021-12-30T12:01:00","modified_gmt":"2021-12-30T12:01:00","slug":"ajuntament-restauradors-i-entitats-veinals-han-signat-un-acord-que-fixa-els-nous-horaris-de-funcionament-de-les-terrasses-dels-bars-i-restaurants-de-badalona-durant-lany-2022","status":"publish","type":"post","link":"https:\/\/areabadalona.com\/diario\/2021\/12\/30\/ajuntament-restauradors-i-entitats-veinals-han-signat-un-acord-que-fixa-els-nous-horaris-de-funcionament-de-les-terrasses-dels-bars-i-restaurants-de-badalona-durant-lany-2022\/","title":{"rendered":"Ajuntament, restauradors i entitats ve\u00efnals han signat un acord que fixa els nous horaris de funcionament de les terrasses dels bars i restaurants de Badalona durant l\u2019any 2022"},"content":{"rendered":"\n<p>L\u2019alcalde de Badalona, Rub\u00e9n Guijarro; el president de la Federaci\u00f3 d\u2019Associacions de Ve\u00efns de Badalona (FAVB), Julio Molina; juntament amb Roser Fern\u00e1ndez, presidenta de l\u2019Associaci\u00f3 Forquilla Badalona; i N\u00faria Garriga en representaci\u00f3 del Gremi d\u2019Hostaleria i Turisme del Barcelon\u00e8s Nord i Maresme Sud, han signat un acord que fixa els horaris que han de regir durant l\u2019any 2022 el funcionament de les terrasses dels bars i restaurants de la ciutat. L\u2019acte, que s\u2019ha fet a la terrassa del restaurant La Costa del barri de Dalt de la Vila, tamb\u00e9 ha comptat amb la pres\u00e8ncia del regidor de l\u2019\u00c0rea d\u2019Espais P\u00fablics, Jordi Subirana.&nbsp;<\/p>\n\n\n\n<p>L\u2019acord contempla 4 tipologies diferents d\u2019horaris per a l\u2019obertura i tancament de les terrasses de bars i restaurants: un de gen\u00e8ric per a tots els locals de negoci d\u2019hostaleria de la ciutat i tres d\u2019espec\u00edfics per a tres zones diferents de la ciutat. &nbsp;<\/p>\n\n\n\n<p>En la presentaci\u00f3, l\u2019alcalde de Badalona, Rub\u00e9n Guijarro, ha posat de relleu que aquesta proposta s\u2019ha plantejat tenint en compte les necessitats d\u2019ampliaci\u00f3 d\u2019horaris que el gremi de la restauraci\u00f3 ha traslladat al Govern municipal i que ha estat consensuada tamb\u00e9 amb la FAVB. \u201cLa nostra voluntat amb aquest acord ha estat arribar a un consens ampli que inclou els restauradors i tamb\u00e9 els ve\u00efns de la ciutat i alhora ajudar un sector que est\u00e0 patint molt\u00edssimes dificultats des de l\u2019inici de la pand\u00e8mia\u201d, ha afegit.&nbsp;<\/p>\n\n\n\n<p>Per la seva banda, el regidor de l\u2019\u00c0rea d\u2019Espais P\u00fablics, Jordi Subirana, ha indicat que atenent la demanda del sector s\u2019han allargat alguns trams dels horaris a la nit, sobretot de cara als mesos d\u2019estiu, per tal que els restauradors puguin fer un segon torn de sopars. Subirana ha explicat tamb\u00e9 que a partir d\u2019aquest acord, el pr\u00f2xim mes de gener es convocar\u00e0 una comissi\u00f3 que s\u2019encarregar\u00e0 de redactar una nova ordenan\u00e7a espec\u00edfica per a les terrasses ja que l\u2019ordenan\u00e7a actual data de l\u2019any 2012. &nbsp;<\/p>\n\n\n\n<p>En cadascuna de les tipologies d\u2019horaris establertes, el desallotjament de les instal\u00b7lacions i la retirada dels elements situats a la via p\u00fablica s\u2019hauran de realitzar en un termini de 30 minuts des de la finalitzaci\u00f3 de l\u2019horari de funcionament.&nbsp;<\/p>\n\n\n\n<p><strong>Horari gen\u00e8ric&nbsp;<\/strong><\/p>\n\n\n\n<p>&#8211; No es realitzar\u00e0 cap tipus de instal\u00b7laci\u00f3 i\/o muntatge de la terrassa amb anterioritat a les 08:00 hores.&nbsp;<\/p>\n\n\n\n<p>De mar\u00e7 a octubre:&nbsp;<\/p>\n\n\n\n<p>&#8211; Divendres, dissabtes i vig\u00edlies de festa, fins a les 01:00 hores&nbsp;<\/p>\n\n\n\n<p>&#8211; Laborables i festius fins a les 00:00 hores.&nbsp;<\/p>\n\n\n\n<p>De novembre a febrer:&nbsp;<\/p>\n\n\n\n<p>&#8211; Divendres, dissabtes i vig\u00edlies de festa, fins a les 00:00 hores&nbsp;<\/p>\n\n\n\n<p>&#8211; Laborables i festius fins a les 23:30 hores.&nbsp;<\/p>\n\n\n\n<p><strong>Horari restringit al carrer de Francesc Layret&nbsp;<\/strong><\/p>\n\n\n\n<p>Es fixa un horari restringit pel que fa a les terrasses que s\u2019instal\u00b7len al carrer de Francesc Layret, entre els carrers de Jaume Borr\u00e0s\/Sant Miquel i l\u2019avinguda de Mart\u00ed Pujol, quan aquesta via es talla al tr\u00e0nsit i esdev\u00e9 peatonal durant els caps de setmana i dies festius.&nbsp;<\/p>\n\n\n\n<p>&#8211; No es realitzar\u00e0 cap tipus d\u2019instal\u00b7laci\u00f3 i\/o muntatge de la terrassa amb anterioritat a les 09:00 hores.&nbsp;<\/p>\n\n\n\n<p>&#8211; Dissabtes fins a les 01:00 hores&nbsp;<\/p>\n\n\n\n<p>&#8211; Diumenges vig\u00edlies de festius i festius vig\u00edlies de festius fins a les 01:00 hores.&nbsp;<\/p>\n\n\n\n<p>&#8211; Diumenges vig\u00edlies de laborables i festius vig\u00edlies de laborables fins a les 00:00 hores.&nbsp;<\/p>\n\n\n\n<p><strong>Horari amb car\u00e0cter especial <\/strong>&nbsp;<\/p>\n\n\n\n<p>Es fixa un horari concret per als establiments situats a La Rambla, al passeig Mar\u00edtim i al carrer de Santa Madrona en considerar que aquesta zona t\u00e9 un car\u00e0cter especial per al passeig, tant de la ciutadania de Badalona com per als visitants i turistes que visiten el litoral badalon\u00ed.&nbsp;<\/p>\n\n\n\n<p>-No es realitzar\u00e0 cap tipus de instal\u00b7laci\u00f3 i\/o muntatge de la terrassa amb anterioritat a les 08:00 hores.&nbsp;<\/p>\n\n\n\n<p>De mar\u00e7 a octubre:&nbsp;<\/p>\n\n\n\n<p>&#8211; Divendres, dissabtes i vig\u00edlies de festa, fins a les 02:30 hores&nbsp;<\/p>\n\n\n\n<p>&#8211; Laborables i festius fins a les 00:30 hores.&nbsp;<\/p>\n\n\n\n<p>De novembre a febrer:&nbsp;<\/p>\n\n\n\n<p>&#8211; Divendres, dissabtes i vig\u00edlies de festa, fins a les 01:30 hores&nbsp;<\/p>\n\n\n\n<p>&#8211; Laborables i festius fins a les 00:30 hores.&nbsp;<\/p>\n\n\n\n<p><strong>Horari per a zona d\u2019especial atenci\u00f3 i sensibilitat&nbsp;<\/strong><\/p>\n\n\n\n<p>Es fixa un horari per a una zona d\u2019especial atenci\u00f3 i sensibilitat emmarcada actualment als carrers Xile, Simancas, Rafael de Casanova, Onze de Setembre, Mariscal Cabanes, Balmes, Santiago, C\u00f2rdova, Covadonga, pla\u00e7a dels Andes, Jerez de la Frontera, Marqu\u00e8s de Mont-roig, Iquique, Alfons XII (al tram compr\u00e8s entre el carrer Julio Galve Brusson i el carrer Primavera), Almeria, Arquimedes, pla\u00e7a Sant Roc, pla\u00e7a Camar\u00f3n, Pr\u00edncep d&#8217;Ast\u00faries i Sant Joan Evangelista.&nbsp;<\/p>\n\n\n\n<p>-No es realitzar\u00e0 cap tipus de instal\u00b7laci\u00f3 i\/o muntatge de la terrassa amb anterioritat a les 08:00 hores.&nbsp;<\/p>\n\n\n\n<p>De mar\u00e7 a octubre:&nbsp;<\/p>\n\n\n\n<p>&#8211; Divendres, dissabtes i vig\u00edlies de festa, fins a les 00:30 hores&nbsp;<\/p>\n\n\n\n<p>&#8211; Laborables i festius fins a les 00:30 hores.&nbsp;<\/p>\n\n\n\n<p>De novembre a febrer:&nbsp;<\/p>\n\n\n\n<p>&#8211; Divendres, dissabtes i vig\u00edlies de festa, fins a les 23:30 hores&nbsp;<\/p>\n\n\n\n<p>&#8211; Laborables i festius fins a les 23:30 hores.&nbsp;<\/p>\n\n\n\n<p>L\u2019acord tamb\u00e9 recull que l\u2019horari de les terrasses establert per al 2022 quedar\u00e0 sense efecte o es podr\u00e0 veure afectat si, com a conseq\u00fc\u00e8ncia de la situaci\u00f3 d\u2019emerg\u00e8ncia generada per la pand\u00e8mia de la COVID-19, es dict\u00e9s una altra regulaci\u00f3 sobre la mat\u00e8ria per qualsevol autoritat que sigui competent, d\u2019acord amb la legislaci\u00f3 vigent en el seu moment.&nbsp;<\/p>\n\n\n\n<p>Aix\u00ed mateix, aquests horaris es podran veure modificats per criteris t\u00e8cnics, motius de conviv\u00e8ncia ve\u00efnal o d&#8217;altres que es puguin apreciar de forma puntual.&nbsp;<\/p>\n\n\n\n<p>El document signat tamb\u00e9 estipula que els responsables dels establiments tindran especial atenci\u00f3 en l&#8217;obligat compliment de la vigent Ordenan\u00e7a Reguladora de Sorolls i Vibracions de Badalona en tot all\u00f2 que els hi sigui d&#8217;aplicaci\u00f3.&nbsp;<\/p>\n","protected":false},"excerpt":{"rendered":"<p>L\u2019alcalde de Badalona, Rub\u00e9n Guijarro; el president de la Federaci\u00f3 d\u2019Associacions de Ve\u00efns de Badalona (FAVB), Julio Molina; juntament amb Roser Fern\u00e1ndez, presidenta de l\u2019Associaci\u00f3 Forquilla Badalona; i N\u00faria Garriga en representaci\u00f3 del Gremi d\u2019Hostaleria i Turisme del Barcelon\u00e8s Nord i Maresme Sud, han signat un acord que fixa els horaris que han de regir [&hellip;]<\/p>\n","protected":false},"author":2,"featured_media":2886,"comment_status":"open","ping_status":"open","sticky":false,"template":"","format":"standard","meta":{"footnotes":""},"categories":[23,24],"tags":[],"class_list":{"0":"post-2885","1":"post","2":"type-post","3":"status-publish","4":"format-standard","5":"has-post-thumbnail","7":"category-actualitat","8":"category-societat"},"_links":{"self":[{"href":"https:\/\/areabadalona.com\/diario\/wp-json\/wp\/v2\/posts\/2885","targetHints":{"allow":["GET"]}}],"collection":[{"href":"https:\/\/areabadalona.com\/diario\/wp-json\/wp\/v2\/posts"}],"about":[{"href":"https:\/\/areabadalona.com\/diario\/wp-json\/wp\/v2\/types\/post"}],"author":[{"embeddable":true,"href":"https:\/\/areabadalona.com\/diario\/wp-json\/wp\/v2\/users\/2"}],"replies":[{"embeddable":true,"href":"https:\/\/areabadalona.com\/diario\/wp-json\/wp\/v2\/comments?post=2885"}],"version-history":[{"count":1,"href":"https:\/\/areabadalona.com\/diario\/wp-json\/wp\/v2\/posts\/2885\/revisions"}],"predecessor-version":[{"id":2887,"href":"https:\/\/areabadalona.com\/diario\/wp-json\/wp\/v2\/posts\/2885\/revisions\/2887"}],"wp:featuredmedia":[{"embeddable":true,"href":"https:\/\/areabadalona.com\/diario\/wp-json\/wp\/v2\/media\/2886"}],"wp:attachment":[{"href":"https:\/\/areabadalona.com\/diario\/wp-json\/wp\/v2\/media?parent=2885"}],"wp:term":[{"taxonomy":"category","embeddable":true,"href":"https:\/\/areabadalona.com\/diario\/wp-json\/wp\/v2\/categories?post=2885"},{"taxonomy":"post_tag","embeddable":true,"href":"https:\/\/areabadalona.com\/diario\/wp-json\/wp\/v2\/tags?post=2885"}],"curies":[{"name":"wp","href":"https:\/\/api.w.org\/{rel}","templated":true}]}}