{"id":2877,"date":"2021-12-30T10:57:42","date_gmt":"2021-12-30T10:57:42","guid":{"rendered":"http:\/\/areabadalona.com\/diario\/?p=2877"},"modified":"2021-12-30T10:57:44","modified_gmt":"2021-12-30T10:57:44","slug":"aquest-dijous-30-de-desembre-a-les-18-hores-es-fara-la-sessio-daudiencia-publica-per-presentar-el-pressupost-municipal-de-lexercici-2022","status":"publish","type":"post","link":"https:\/\/areabadalona.com\/diario\/2021\/12\/30\/aquest-dijous-30-de-desembre-a-les-18-hores-es-fara-la-sessio-daudiencia-publica-per-presentar-el-pressupost-municipal-de-lexercici-2022\/","title":{"rendered":"Aquest dijous 30 de desembre, a les 18 hores, es far\u00e0 la Sessi\u00f3 d\u2019audi\u00e8ncia p\u00fablica per presentar el pressupost municipal de l\u2019exercici 2022"},"content":{"rendered":"\n<p>Aquest pr\u00f2xim <strong>dijous 30 de desembre, a les 18 hores<\/strong>, tindr\u00e0 lloc l\u2019audi\u00e8ncia p\u00fablica per presentar la proposta de pressupost municipal per al 2022. La sessi\u00f3 est\u00e0 oberta a tota la ciutadania i entitats interessades i es far\u00e0 per via telem\u00e0tica atesa la situaci\u00f3 sanit\u00e0ria actual. L\u2019audi\u00e8ncia p\u00fablica se celebrar\u00e0 a trav\u00e9s de Zoom i tamb\u00e9 es podr\u00e0 seguir per streaming.&nbsp;<\/p>\n\n\n\n<p>La proposta del pressupost del proper exercici puja m\u00e9s de 22 milions d\u2019euros en relaci\u00f3 al pressupost vigent, xifra que representa un creixement del 14%. La presentaci\u00f3 del pressupost de 2022 anir\u00e0 a c\u00e0rrec del cinqu\u00e8 tinent d\u2019Alcaldia i regidor de l\u2019\u00c0mbit d\u2019Hisenda, Recursos Interns i Personal, Manel Sorribas.&nbsp;<\/p>\n\n\n\n<p>Segons disposa l&#8217;article 15 del Reglament de Participaci\u00f3 Ciutadana, es convoca de forma telem\u00e0tica l&#8217;audi\u00e8ncia p\u00fablica de ciutat en la qual els responsables pol\u00edtics i\/o t\u00e8cnics de l&#8217;Ajuntament respondran a les preguntes dels ciutadans sobre el pressupost municipal 2022, que pr\u00e8viament s&#8217;hagin inscrit a trav\u00e9s del seg\u00fcent enlla\u00e7: \u00a0<a href=\"https:\/\/badalona-cat.zoom.us\/meeting\/register\/tZYrfu6qqzktHtbY6cMgud3S0lXfXnystsxy\">https:\/\/badalona-cat.zoom.us\/meeting\/register\/tZYrfu6qqzktHtbY6cMgud3S0lXfXnystsxy<\/a><\/p>\n\n\n\n<p>La sessi\u00f3 tamb\u00e9 es podr\u00e0 seguir per streaming a trav\u00e9s de <a href=\"http:\/\/endirecte.badalona.cat\/\">http:\/\/endirecte.badalona.cat\/<\/a>&nbsp;<\/p>\n","protected":false},"excerpt":{"rendered":"<p>Aquest pr\u00f2xim dijous 30 de desembre, a les 18 hores, tindr\u00e0 lloc l\u2019audi\u00e8ncia p\u00fablica per presentar la proposta de pressupost municipal per al 2022. La sessi\u00f3 est\u00e0 oberta a tota la ciutadania i entitats interessades i es far\u00e0 per via telem\u00e0tica atesa la situaci\u00f3 sanit\u00e0ria actual. L\u2019audi\u00e8ncia p\u00fablica se celebrar\u00e0 a trav\u00e9s de Zoom i [&hellip;]<\/p>\n","protected":false},"author":2,"featured_media":2878,"comment_status":"open","ping_status":"open","sticky":false,"template":"","format":"standard","meta":{"footnotes":""},"categories":[23],"tags":[],"class_list":{"0":"post-2877","1":"post","2":"type-post","3":"status-publish","4":"format-standard","5":"has-post-thumbnail","7":"category-actualitat"},"_links":{"self":[{"href":"https:\/\/areabadalona.com\/diario\/wp-json\/wp\/v2\/posts\/2877","targetHints":{"allow":["GET"]}}],"collection":[{"href":"https:\/\/areabadalona.com\/diario\/wp-json\/wp\/v2\/posts"}],"about":[{"href":"https:\/\/areabadalona.com\/diario\/wp-json\/wp\/v2\/types\/post"}],"author":[{"embeddable":true,"href":"https:\/\/areabadalona.com\/diario\/wp-json\/wp\/v2\/users\/2"}],"replies":[{"embeddable":true,"href":"https:\/\/areabadalona.com\/diario\/wp-json\/wp\/v2\/comments?post=2877"}],"version-history":[{"count":1,"href":"https:\/\/areabadalona.com\/diario\/wp-json\/wp\/v2\/posts\/2877\/revisions"}],"predecessor-version":[{"id":2879,"href":"https:\/\/areabadalona.com\/diario\/wp-json\/wp\/v2\/posts\/2877\/revisions\/2879"}],"wp:featuredmedia":[{"embeddable":true,"href":"https:\/\/areabadalona.com\/diario\/wp-json\/wp\/v2\/media\/2878"}],"wp:attachment":[{"href":"https:\/\/areabadalona.com\/diario\/wp-json\/wp\/v2\/media?parent=2877"}],"wp:term":[{"taxonomy":"category","embeddable":true,"href":"https:\/\/areabadalona.com\/diario\/wp-json\/wp\/v2\/categories?post=2877"},{"taxonomy":"post_tag","embeddable":true,"href":"https:\/\/areabadalona.com\/diario\/wp-json\/wp\/v2\/tags?post=2877"}],"curies":[{"name":"wp","href":"https:\/\/api.w.org\/{rel}","templated":true}]}}