{"id":2850,"date":"2021-12-21T09:32:00","date_gmt":"2021-12-21T09:32:00","guid":{"rendered":"http:\/\/areabadalona.com\/diario\/?p=2850"},"modified":"2021-12-21T09:32:01","modified_gmt":"2021-12-21T09:32:01","slug":"la-plantilla-de-tusgsal-direxis-reparteix-14-000-quilos-de-menjar-entre-el-banc-daliments-de-lassociacio-social-amics-del-gorg-mar-badalona-i-el-de-creu-roja-santa-coloma-de-gramenet","status":"publish","type":"post","link":"https:\/\/areabadalona.com\/diario\/2021\/12\/21\/la-plantilla-de-tusgsal-direxis-reparteix-14-000-quilos-de-menjar-entre-el-banc-daliments-de-lassociacio-social-amics-del-gorg-mar-badalona-i-el-de-creu-roja-santa-coloma-de-gramenet\/","title":{"rendered":"La plantilla de TUSGSAL DIREXIS reparteix 14.000 quilos de menjar entre el Banc d\u2019Aliments de l\u2019Associaci\u00f3 Social Amics del Gorg-Mar Badalona i el de Creu Roja Santa Coloma de Gramenet"},"content":{"rendered":"\n<p>La cita \u00e9s obligat\u00f2ria. Un any m\u00e9s, coincidint amb dates nadalenques, TUSGSAL DIREXIS mostra que un dels seus valors fonamentals \u00e9s el de la solidaritat. I \u00e9s que en els moments en qu\u00e8 vivim, som coneixedors que nombroses persones i fam\u00edlies senceres travessen serioses dificultats econ\u00f2miques, incrementades actualment per la pand\u00e8mia. Els bancs i magatzems d\u2019aliments es queden sense fons amb els greus obstacles generats per la crisis econ\u00f2mica i fan una crida a que la poblaci\u00f3, en la mesura de les seves possibilitats, contribueixi a fornir de provisions els seus magatzems.<\/p>\n\n\n\n<p><strong>La crisi econ\u00f2mica derivada de la pand\u00e8mia fa que la situaci\u00f3 empitjori i que es necessiti m\u00e9s ajuda<\/strong><\/p>\n\n\n\n<p>TUSGSAL DIREXIS \u00e9s una empresa socialment responsable en conson\u00e0ncia amb els seus valors de refer\u00e8ncia. La seva Comissi\u00f3 Social, amb el suport del Comit\u00e8 de Treballadors, el Consell d\u2019Administraci\u00f3 i la Direcci\u00f3 realitza cada any una campanya interna denominada \u201cLa Solidaritat es Contagia\u201d per aconseguir la recaptaci\u00f3 d\u2019aliments b\u00e0sics amb l\u2019objectiu d\u2019ajudar a fam\u00edlies necessitades de l\u2019entorn m\u00e9s proper. Per\u00f2 les festes d\u2019aquest any s\u00f3n encara m\u00e9s dif\u00edcils ja que hi ha moltes m\u00e9s persones vulnerables. En aquest context d\u2019emerg\u00e8ncia, la resposta dels treballadors i treballadores de TUSGSAL ha estat, com sempre, molt positiva. Han pogut col\u00b7laborar lliurant aliments o fent una aportaci\u00f3 econ\u00f2mica.<\/p>\n\n\n\n<div><a href=\"https:\/\/areabadalona.com\/diario\/wp-content\/uploads\/2021\/12\/tussal_bancaliments02-1024x768.jpg\" class=\"td-modal-image\"><figure class=\"wp-block-image size-large\"><img loading=\"lazy\" decoding=\"async\" width=\"1024\" height=\"768\" src=\"https:\/\/areabadalona.com\/diario\/wp-content\/uploads\/2021\/12\/tussal_bancaliments02-1024x768.jpg\" alt=\"\" class=\"wp-image-2851\" srcset=\"https:\/\/areabadalona.com\/diario\/wp-content\/uploads\/2021\/12\/tussal_bancaliments02-1024x768.jpg 1024w, https:\/\/areabadalona.com\/diario\/wp-content\/uploads\/2021\/12\/tussal_bancaliments02-300x225.jpg 300w, https:\/\/areabadalona.com\/diario\/wp-content\/uploads\/2021\/12\/tussal_bancaliments02-768x576.jpg 768w, https:\/\/areabadalona.com\/diario\/wp-content\/uploads\/2021\/12\/tussal_bancaliments02-150x113.jpg 150w, https:\/\/areabadalona.com\/diario\/wp-content\/uploads\/2021\/12\/tussal_bancaliments02-696x522.jpg 696w, https:\/\/areabadalona.com\/diario\/wp-content\/uploads\/2021\/12\/tussal_bancaliments02-1068x801.jpg 1068w, https:\/\/areabadalona.com\/diario\/wp-content\/uploads\/2021\/12\/tussal_bancaliments02.jpg 1200w\" sizes=\"auto, (max-width: 1024px) 100vw, 1024px\" \/><\/figure><\/a><\/div>\n\n\n\n<p><strong>14 tones d\u2019aliments pels que m\u00e9s ho necessiten<\/strong><\/p>\n\n\n\n<p>Avui s\u2019han traslladat i lliurat 14.000 quilos de menjar envasat al Banc d\u2019Aliments de l\u2019Associaci\u00f3 Social Amics del Gorg-Mar Badalona i el de Creu Roja Santa Coloma de Gramenet. L\u2019acte de lliurament realitzat a Badalona ha comptat amb la pres\u00e8ncia de l\u2019Alcalde de la ciutat, Rub\u00e9n Guijarro i del Regidor de l\u2019\u00c0mbit de Protecci\u00f3 Social a les Persones, David Torrents. D\u2019altra banda, a la ciutat de Santa Coloma de Gramenet, han assistit la Tinenta d&#8217;alcaldessa de Drets Socials, B\u00e0rbara Ferrer i el Regidor de Comer\u00e7, Transports i Mobilitat, Antonio Atienza. En representaci\u00f3 de TUSGSAL han visitat ambd\u00f3s bancs d\u2019aliments el President del Consell d\u2019Administraci\u00f3, Federico Llobet, el Subdirector General, Jos\u00e9 Mar\u00eda Parra, el President de la Comissi\u00f3 Social, Jose Antonio Garrido y el President del Comit\u00e8 d\u2019Empresa, Juan Carlos Escudero.<\/p>\n","protected":false},"excerpt":{"rendered":"<p>La cita \u00e9s obligat\u00f2ria. Un any m\u00e9s, coincidint amb dates nadalenques, TUSGSAL DIREXIS mostra que un dels seus valors fonamentals \u00e9s el de la solidaritat. I \u00e9s que en els moments en qu\u00e8 vivim, som coneixedors que nombroses persones i fam\u00edlies senceres travessen serioses dificultats econ\u00f2miques, incrementades actualment per la pand\u00e8mia. Els bancs i magatzems [&hellip;]<\/p>\n","protected":false},"author":2,"featured_media":2852,"comment_status":"open","ping_status":"open","sticky":false,"template":"","format":"standard","meta":{"footnotes":""},"categories":[23,24],"tags":[],"class_list":{"0":"post-2850","1":"post","2":"type-post","3":"status-publish","4":"format-standard","5":"has-post-thumbnail","7":"category-actualitat","8":"category-societat"},"_links":{"self":[{"href":"https:\/\/areabadalona.com\/diario\/wp-json\/wp\/v2\/posts\/2850","targetHints":{"allow":["GET"]}}],"collection":[{"href":"https:\/\/areabadalona.com\/diario\/wp-json\/wp\/v2\/posts"}],"about":[{"href":"https:\/\/areabadalona.com\/diario\/wp-json\/wp\/v2\/types\/post"}],"author":[{"embeddable":true,"href":"https:\/\/areabadalona.com\/diario\/wp-json\/wp\/v2\/users\/2"}],"replies":[{"embeddable":true,"href":"https:\/\/areabadalona.com\/diario\/wp-json\/wp\/v2\/comments?post=2850"}],"version-history":[{"count":1,"href":"https:\/\/areabadalona.com\/diario\/wp-json\/wp\/v2\/posts\/2850\/revisions"}],"predecessor-version":[{"id":2853,"href":"https:\/\/areabadalona.com\/diario\/wp-json\/wp\/v2\/posts\/2850\/revisions\/2853"}],"wp:featuredmedia":[{"embeddable":true,"href":"https:\/\/areabadalona.com\/diario\/wp-json\/wp\/v2\/media\/2852"}],"wp:attachment":[{"href":"https:\/\/areabadalona.com\/diario\/wp-json\/wp\/v2\/media?parent=2850"}],"wp:term":[{"taxonomy":"category","embeddable":true,"href":"https:\/\/areabadalona.com\/diario\/wp-json\/wp\/v2\/categories?post=2850"},{"taxonomy":"post_tag","embeddable":true,"href":"https:\/\/areabadalona.com\/diario\/wp-json\/wp\/v2\/tags?post=2850"}],"curies":[{"name":"wp","href":"https:\/\/api.w.org\/{rel}","templated":true}]}}