{"id":2843,"date":"2021-12-17T09:27:00","date_gmt":"2021-12-17T09:27:00","guid":{"rendered":"http:\/\/areabadalona.com\/diario\/?p=2843"},"modified":"2021-12-20T09:27:46","modified_gmt":"2021-12-20T09:27:46","slug":"lalcalde-de-badalona-es-reuneix-amb-els-comandaments-de-mossos-desquadra-i-guardia-urbana-per-incrementar-la-coordinacio-policial-durant-la-campanya-de-nadal","status":"publish","type":"post","link":"https:\/\/areabadalona.com\/diario\/2021\/12\/17\/lalcalde-de-badalona-es-reuneix-amb-els-comandaments-de-mossos-desquadra-i-guardia-urbana-per-incrementar-la-coordinacio-policial-durant-la-campanya-de-nadal\/","title":{"rendered":"L\u2019alcalde de Badalona es reuneix amb els comandaments de Mossos d\u2019Esquadra i Gu\u00e0rdia Urbana per incrementar la coordinaci\u00f3 policial durant la campanya de Nadal"},"content":{"rendered":"\n<p>Aquest divendres l\u2019alcalde de Badalona, Rub\u00e9n Guijarro, acompanyat del tercer tinent d\u2019Alcaldia i regidor de Conviv\u00e8ncia i Mediaci\u00f3, David Torrents, i del sis\u00e8 tinent d\u2019Alcaldia i regidor de l\u2019\u00c0mbit de Govern i Seguretat, Christian Carneado, ha mantingut una reuni\u00f3 amb l\u2019intendent cap de l&#8217;\u00c0rea B\u00e0sica Policial de Badalona dels Mossos d\u2019Esquadra, Alfons S\u00e0rrias, i amb el superintendent de la Gu\u00e0rdia Urbana de Badalona, Conrado Fern\u00e1ndez, amb l\u2019objectiu d\u2019incrementar la coordinaci\u00f3 policial entre ambd\u00f3s cossos de seguretat durant la campanya de Nadal. Durant la trobada s\u2019han perfilat els dispositius conjunts de seguretat p\u00fablica que s\u2019aplicaran a Badalona durant les pr\u00f2ximes setmanes per garantir que les festes de Nadal es desenvolupen amb normalitat. &nbsp;<\/p>\n\n\n\n<p>Durant la trobada, l\u2019alcalde Rub\u00e9n Guijarro ha demanat la col\u00b7laboraci\u00f3 dels Mossos d\u2019Esquadra per abordar la modernitzaci\u00f3 del cos policial de Badalona i possibilitar la instal\u00b7laci\u00f3 de c\u00e0meres de seguretat en zones conflictives de la ciutat durant l\u2019any 2022. L\u2019alcalde ha anunciat tamb\u00e9 que a principis de l\u2019any vinent es convocar\u00e0 la Junta Local de Seguretat amb l\u2019objectiu d\u2019abordar els reptes de futur, millorar les pol\u00edtiques p\u00fabliques de seguretat de Badalona i per dotar a la Gu\u00e0rdia Urbana de les eines necess\u00e0ries que possibilitin adaptar el cos policial de la ciutat a les necessitats del segle XXI. &nbsp;<\/p>\n\n\n\n<p>Despr\u00e9s de la reuni\u00f3, l\u2019alcalde Rub\u00e9n Guijarro ha volgut agrair la tasca que tant els Mossos d\u2019Esquadra com la Gu\u00e0rdia Urbana duen a terme a la ciutat i ha destacat que \u201camb aquesta reuni\u00f3 hem pogut incidir i millorar encara m\u00e9s la coordinaci\u00f3 d\u2019ambd\u00f3s cossos policials de cara a les pr\u00f2ximes setmanes per poder garantir que Badalona gaudeix d\u2019unes festes de Nadal amb total seguretat\u201d. Guijarro ha explicat que \u201cdurant la pr\u00f2xima setmana concretarem els dispositius conjunts que s\u2019han previst en tots els eixos comercials de la ciutat i quines l\u00ednies d\u2019acci\u00f3 es desenvoluparan\u201d. &nbsp;<\/p>\n","protected":false},"excerpt":{"rendered":"<p>Aquest divendres l\u2019alcalde de Badalona, Rub\u00e9n Guijarro, acompanyat del tercer tinent d\u2019Alcaldia i regidor de Conviv\u00e8ncia i Mediaci\u00f3, David Torrents, i del sis\u00e8 tinent d\u2019Alcaldia i regidor de l\u2019\u00c0mbit de Govern i Seguretat, Christian Carneado, ha mantingut una reuni\u00f3 amb l\u2019intendent cap de l&#8217;\u00c0rea B\u00e0sica Policial de Badalona dels Mossos d\u2019Esquadra, Alfons S\u00e0rrias, i amb [&hellip;]<\/p>\n","protected":false},"author":2,"featured_media":2844,"comment_status":"open","ping_status":"open","sticky":false,"template":"","format":"standard","meta":{"footnotes":""},"categories":[23],"tags":[],"class_list":{"0":"post-2843","1":"post","2":"type-post","3":"status-publish","4":"format-standard","5":"has-post-thumbnail","7":"category-actualitat"},"_links":{"self":[{"href":"https:\/\/areabadalona.com\/diario\/wp-json\/wp\/v2\/posts\/2843","targetHints":{"allow":["GET"]}}],"collection":[{"href":"https:\/\/areabadalona.com\/diario\/wp-json\/wp\/v2\/posts"}],"about":[{"href":"https:\/\/areabadalona.com\/diario\/wp-json\/wp\/v2\/types\/post"}],"author":[{"embeddable":true,"href":"https:\/\/areabadalona.com\/diario\/wp-json\/wp\/v2\/users\/2"}],"replies":[{"embeddable":true,"href":"https:\/\/areabadalona.com\/diario\/wp-json\/wp\/v2\/comments?post=2843"}],"version-history":[{"count":1,"href":"https:\/\/areabadalona.com\/diario\/wp-json\/wp\/v2\/posts\/2843\/revisions"}],"predecessor-version":[{"id":2845,"href":"https:\/\/areabadalona.com\/diario\/wp-json\/wp\/v2\/posts\/2843\/revisions\/2845"}],"wp:featuredmedia":[{"embeddable":true,"href":"https:\/\/areabadalona.com\/diario\/wp-json\/wp\/v2\/media\/2844"}],"wp:attachment":[{"href":"https:\/\/areabadalona.com\/diario\/wp-json\/wp\/v2\/media?parent=2843"}],"wp:term":[{"taxonomy":"category","embeddable":true,"href":"https:\/\/areabadalona.com\/diario\/wp-json\/wp\/v2\/categories?post=2843"},{"taxonomy":"post_tag","embeddable":true,"href":"https:\/\/areabadalona.com\/diario\/wp-json\/wp\/v2\/tags?post=2843"}],"curies":[{"name":"wp","href":"https:\/\/api.w.org\/{rel}","templated":true}]}}