{"id":2839,"date":"2021-12-20T09:24:30","date_gmt":"2021-12-20T09:24:30","guid":{"rendered":"http:\/\/areabadalona.com\/diario\/?p=2839"},"modified":"2021-12-20T09:24:31","modified_gmt":"2021-12-20T09:24:31","slug":"escollit-el-cartell-per-al-carnaval-de-badalona-2022","status":"publish","type":"post","link":"https:\/\/areabadalona.com\/diario\/2021\/12\/20\/escollit-el-cartell-per-al-carnaval-de-badalona-2022\/","title":{"rendered":"Escollit el cartell per al Carnaval de Badalona 2022"},"content":{"rendered":"\n<p>\u00c1dali Berm\u00fadez, estudiant de grau mitj\u00e0 de l\u2019Escola d\u2019Art Pau Gargallo de Badalona, \u00e9s l\u2019autora del disseny del cartell escollit per al Carnaval de Badalona 2022. La decisi\u00f3 l\u2019ha pres aquesta mateixa setmana el jurat format per representants de la Comissi\u00f3 de Cultura de Llefi\u00e0 i Comissi\u00f3 de Carnestoltes de Badalona, la Comissi\u00f3 Carnestoltes de Bufal\u00e0; Merc\u00e8 Mart\u00ednez i Maria N\u00fa\u00f1ez, professores dels Cicles Formatius de Grau Superior i Estudis Superiors de Disseny Gr\u00e0fic que s&#8217;imparteixen a l&#8217;escola; el dissenyador H\u00e9ctor Aspano. i t\u00e8cnics dels serveis de Cultura i de Comunicaci\u00f3 de l\u2019Ajuntament de Badalona.&nbsp;<\/p>\n\n\n\n<p>El jurat ha escollit entre les 28 obres presentades el disseny d\u2019\u00c1dali Berm\u00fadez, de 17 anys, ve\u00efna de Santa Coloma de Gramenet, alumna de 2n curs del curs formatiu de grau mitj\u00e0 Assistent al producte gr\u00e0fic impr\u00e8s. Els treballs dels alumnes Anna C\u00f3rcoles i Aneta Fazleeva han quedat finalistes. El jurat ha valorat que el treball guanyador, de car\u00e0cter figuratiu i ic\u00f2nic, reflecteix gr\u00e0ficament la llegenda del Carnaval i els colors escollits s\u00f3n molt representatius.&nbsp;<\/p>\n\n\n\n<div><a href=\"https:\/\/areabadalona.com\/diario\/wp-content\/uploads\/2021\/12\/Cartell-Carnestoltes-2022_jurat-1024x722.jpg\" class=\"td-modal-image\"><figure class=\"wp-block-image size-large\"><img loading=\"lazy\" decoding=\"async\" width=\"1024\" height=\"722\" src=\"https:\/\/areabadalona.com\/diario\/wp-content\/uploads\/2021\/12\/Cartell-Carnestoltes-2022_jurat-1024x722.jpg\" alt=\"\" class=\"wp-image-2840\" srcset=\"https:\/\/areabadalona.com\/diario\/wp-content\/uploads\/2021\/12\/Cartell-Carnestoltes-2022_jurat-1024x722.jpg 1024w, https:\/\/areabadalona.com\/diario\/wp-content\/uploads\/2021\/12\/Cartell-Carnestoltes-2022_jurat-300x212.jpg 300w, https:\/\/areabadalona.com\/diario\/wp-content\/uploads\/2021\/12\/Cartell-Carnestoltes-2022_jurat-768x541.jpg 768w, https:\/\/areabadalona.com\/diario\/wp-content\/uploads\/2021\/12\/Cartell-Carnestoltes-2022_jurat-150x106.jpg 150w, https:\/\/areabadalona.com\/diario\/wp-content\/uploads\/2021\/12\/Cartell-Carnestoltes-2022_jurat-696x491.jpg 696w, https:\/\/areabadalona.com\/diario\/wp-content\/uploads\/2021\/12\/Cartell-Carnestoltes-2022_jurat-1068x753.jpg 1068w, https:\/\/areabadalona.com\/diario\/wp-content\/uploads\/2021\/12\/Cartell-Carnestoltes-2022_jurat.jpg 1200w\" sizes=\"auto, (max-width: 1024px) 100vw, 1024px\" \/><\/figure><\/a><\/div>\n\n\n\n<p>Totes les propostes gr\u00e0fiques presentades pels alumnes de grau mitj\u00e0 de l\u2019Escola d\u2019Art Pau Gargallo havien d\u2019associar el disseny a la llegenda dels or\u00edgens de Llefi\u00e0, transportant-nos a una zona de la Baetulo romana, plena de fonts, rierols, estanys, aiguamolls i gorgs, coneguda com l\u2019indret de les nimfes (Nimphianus). Aquest mot va derivar en Nafi\u00e0, despr\u00e9s en Llafi\u00e0, fins a arribar a l\u2019actual Llefi\u00e0. La llegenda atribueix la pres\u00e8ncia en aquella \u00e8poca de belles dones laietanes que baixaven dels turons cap als estanys a banyar-se o emmirallar-se, ara representades per la Nimfa del Vi i la Nimfa del Mar, que acompanyen la Reina del Carnestoltes.&nbsp;<\/p>\n\n\n\n<p>El cartell il\u00b7lustrar\u00e0 les activitats que s\u2019inclouran al Carnaval de Badalona 2022 que tindran lloc durant finals de febrer i principis de mar\u00e7, com ara la 40a Rua de Carnestoltes a Llefi\u00e0 i el Carnaval Infantil a Bufal\u00e0.&nbsp;<\/p>\n","protected":false},"excerpt":{"rendered":"<p>\u00c1dali Berm\u00fadez, estudiant de grau mitj\u00e0 de l\u2019Escola d\u2019Art Pau Gargallo de Badalona, \u00e9s l\u2019autora del disseny del cartell escollit per al Carnaval de Badalona 2022. La decisi\u00f3 l\u2019ha pres aquesta mateixa setmana el jurat format per representants de la Comissi\u00f3 de Cultura de Llefi\u00e0 i Comissi\u00f3 de Carnestoltes de Badalona, la Comissi\u00f3 Carnestoltes de [&hellip;]<\/p>\n","protected":false},"author":2,"featured_media":2841,"comment_status":"open","ping_status":"open","sticky":false,"template":"","format":"standard","meta":{"footnotes":""},"categories":[25],"tags":[],"class_list":{"0":"post-2839","1":"post","2":"type-post","3":"status-publish","4":"format-standard","5":"has-post-thumbnail","7":"category-cultura"},"_links":{"self":[{"href":"https:\/\/areabadalona.com\/diario\/wp-json\/wp\/v2\/posts\/2839","targetHints":{"allow":["GET"]}}],"collection":[{"href":"https:\/\/areabadalona.com\/diario\/wp-json\/wp\/v2\/posts"}],"about":[{"href":"https:\/\/areabadalona.com\/diario\/wp-json\/wp\/v2\/types\/post"}],"author":[{"embeddable":true,"href":"https:\/\/areabadalona.com\/diario\/wp-json\/wp\/v2\/users\/2"}],"replies":[{"embeddable":true,"href":"https:\/\/areabadalona.com\/diario\/wp-json\/wp\/v2\/comments?post=2839"}],"version-history":[{"count":1,"href":"https:\/\/areabadalona.com\/diario\/wp-json\/wp\/v2\/posts\/2839\/revisions"}],"predecessor-version":[{"id":2842,"href":"https:\/\/areabadalona.com\/diario\/wp-json\/wp\/v2\/posts\/2839\/revisions\/2842"}],"wp:featuredmedia":[{"embeddable":true,"href":"https:\/\/areabadalona.com\/diario\/wp-json\/wp\/v2\/media\/2841"}],"wp:attachment":[{"href":"https:\/\/areabadalona.com\/diario\/wp-json\/wp\/v2\/media?parent=2839"}],"wp:term":[{"taxonomy":"category","embeddable":true,"href":"https:\/\/areabadalona.com\/diario\/wp-json\/wp\/v2\/categories?post=2839"},{"taxonomy":"post_tag","embeddable":true,"href":"https:\/\/areabadalona.com\/diario\/wp-json\/wp\/v2\/tags?post=2839"}],"curies":[{"name":"wp","href":"https:\/\/api.w.org\/{rel}","templated":true}]}}