{"id":2836,"date":"2021-12-17T09:20:00","date_gmt":"2021-12-17T09:20:00","guid":{"rendered":"http:\/\/areabadalona.com\/diario\/?p=2836"},"modified":"2021-12-20T09:21:17","modified_gmt":"2021-12-20T09:21:17","slug":"mn-ignasi-torrent-presenta-les-seves-memories","status":"publish","type":"post","link":"https:\/\/areabadalona.com\/diario\/2021\/12\/17\/mn-ignasi-torrent-presenta-les-seves-memories\/","title":{"rendered":"Mn. Ignasi Torrent presenta les seves mem\u00f2ries"},"content":{"rendered":"\n<figure class=\"wp-block-table\"><table><tbody><tr><td>El proper dijous&nbsp;<strong>23 de desembre a les 6 de la tarda es presenta el llibre&nbsp;<em>Autobiograf\u00eda de un cura \u00fanico<\/em>&nbsp;a la parr\u00f2quia de Santa Maria de Badalona, sala Montserrat<\/strong>. Es tracta d&#8217;un llibre de butxaca que l&#8217;<strong>autor, Mn. Ignasi Torrent<\/strong>, ha elaborat durant el temps de confinament:&nbsp;\u00ab\u00c9s com un vas d\u2019aigua fresca\u00bb, ha escrit al pr\u00f2leg Mn. Jaume Aymar. En l&#8217;acte es comptar\u00e0 amb la&nbsp;<strong>interpretaci\u00f3 a l&#8217;orgue de Montserrat Torrent<\/strong>, a l&#8217;ensems tia de Mn. Ignasi i Premi Nacional de M\u00fasica 2021 del Ministeri de Cultura. \u00ab\u00c9s un relat sense pretensions, on se&#8217;ns descobreix la figura d&#8217;un bon home, un professional de l&#8217;administraci\u00f3 p\u00fablica competent i un capell\u00e0 senzill i abnegat, un missioner a la ciutat que ha empr\u00e8s accions solid\u00e0ries i ha participat en fundacions importants\u00bb, argumenta Mn. Aymar, rector de la parr\u00f2quia de Santa Maria, que participar\u00e0 a l\u2019acte de presentaci\u00f3 del llibre. Tamb\u00e9 acompanyar\u00e0&nbsp;l\u2019autor el gerent del CPL (editor del llibre), Miquel Lirio.&nbsp; Mn. Ignasi Torrent i Portabella, proper a celebrar els seus 75 anys i actualment enquadrat a l&#8217;Arxiprestat Badalona Nord, \u00e9s economista (UB, 1975) i un cop ordenat sacerdot ha begut de l\u2019espiritualitat del Prad\u00f3. Mn. Torrent ha estat fundador dels Amics de la Gent Gran (n\u2019\u00e9s el president d&#8217;honor) i ha participat en nombroses iniciatives: membre dels patronats de&nbsp;<em>Catalunya Cristiana<\/em>&nbsp;i R\u00e0dio Estel, de la Fundaci\u00f3 Malalts Mentals de Catalunya, de la Fundaci\u00f3 Llegat Roca i Pi, administrador del Seminari Conciliar de Barcelona&#8230; Tamb\u00e9 ha rebut diversos reconeixements com el Premi Amics de la Gent Gran 2017.<\/td><\/tr><\/tbody><\/table><\/figure>\n","protected":false},"excerpt":{"rendered":"<p>El proper dijous&nbsp;23 de desembre a les 6 de la tarda es presenta el llibre&nbsp;Autobiograf\u00eda de un cura \u00fanico&nbsp;a la parr\u00f2quia de Santa Maria de Badalona, sala Montserrat. Es tracta d&#8217;un llibre de butxaca que l&#8217;autor, Mn. Ignasi Torrent, ha elaborat durant el temps de confinament:&nbsp;\u00ab\u00c9s com un vas d\u2019aigua fresca\u00bb, ha escrit al pr\u00f2leg [&hellip;]<\/p>\n","protected":false},"author":2,"featured_media":2837,"comment_status":"open","ping_status":"open","sticky":false,"template":"","format":"standard","meta":{"footnotes":""},"categories":[25,24],"tags":[],"class_list":{"0":"post-2836","1":"post","2":"type-post","3":"status-publish","4":"format-standard","5":"has-post-thumbnail","7":"category-cultura","8":"category-societat"},"_links":{"self":[{"href":"https:\/\/areabadalona.com\/diario\/wp-json\/wp\/v2\/posts\/2836","targetHints":{"allow":["GET"]}}],"collection":[{"href":"https:\/\/areabadalona.com\/diario\/wp-json\/wp\/v2\/posts"}],"about":[{"href":"https:\/\/areabadalona.com\/diario\/wp-json\/wp\/v2\/types\/post"}],"author":[{"embeddable":true,"href":"https:\/\/areabadalona.com\/diario\/wp-json\/wp\/v2\/users\/2"}],"replies":[{"embeddable":true,"href":"https:\/\/areabadalona.com\/diario\/wp-json\/wp\/v2\/comments?post=2836"}],"version-history":[{"count":1,"href":"https:\/\/areabadalona.com\/diario\/wp-json\/wp\/v2\/posts\/2836\/revisions"}],"predecessor-version":[{"id":2838,"href":"https:\/\/areabadalona.com\/diario\/wp-json\/wp\/v2\/posts\/2836\/revisions\/2838"}],"wp:featuredmedia":[{"embeddable":true,"href":"https:\/\/areabadalona.com\/diario\/wp-json\/wp\/v2\/media\/2837"}],"wp:attachment":[{"href":"https:\/\/areabadalona.com\/diario\/wp-json\/wp\/v2\/media?parent=2836"}],"wp:term":[{"taxonomy":"category","embeddable":true,"href":"https:\/\/areabadalona.com\/diario\/wp-json\/wp\/v2\/categories?post=2836"},{"taxonomy":"post_tag","embeddable":true,"href":"https:\/\/areabadalona.com\/diario\/wp-json\/wp\/v2\/tags?post=2836"}],"curies":[{"name":"wp","href":"https:\/\/api.w.org\/{rel}","templated":true}]}}