{"id":2832,"date":"2021-12-17T15:15:00","date_gmt":"2021-12-17T15:15:00","guid":{"rendered":"http:\/\/areabadalona.com\/diario\/?p=2832"},"modified":"2021-12-20T09:18:05","modified_gmt":"2021-12-20T09:18:05","slug":"lalcalde-de-badalona-ruben-guijarro-es-compromet-a-revertir-la-situacio-de-les-instal%c2%b7lacions-esportives","status":"publish","type":"post","link":"https:\/\/areabadalona.com\/diario\/2021\/12\/17\/lalcalde-de-badalona-ruben-guijarro-es-compromet-a-revertir-la-situacio-de-les-instal%c2%b7lacions-esportives\/","title":{"rendered":"L\u2019alcalde de Badalona, Rub\u00e9n Guijarro, es compromet a revertir la situaci\u00f3 de les instal\u00b7lacions esportives"},"content":{"rendered":"\n<p>L\u2019alcalde de Badalona, Rub\u00e9n Guijarro, s\u2019ha comprom\u00e8s davant d\u2019una representaci\u00f3 molt \u00e0mplia d\u2019entitats esportives de la ciutat a \u201ccomen\u00e7ar a revertir la situaci\u00f3 de les instal\u00b7lacions esportives de Badalona\u201d. En aquest sentit ha afegit \u201cposarem al servei d\u2019aquest objectiu els diners necessaris a trav\u00e9s dels pressupostos de l\u2019Ajuntament que presentarem els pr\u00f2xims dies\u201d.&nbsp;<\/p>\n\n\n\n<p>L\u2019alcalde es va reunir ahir dijous amb una representaci\u00f3 de clubs i entitats esportius de la ciutat, que no s\u00f3n de futbol o de b\u00e0squet, per copsar les seves necessitats i propostes. Per aquest Govern, va manifestar l\u2019alcalde, \u201c\u00e9s una prioritat posar-nos a executar actuacions de millora efectives dels equipaments, donem suport a tots els esports perqu\u00e8 el foment i la pr\u00e0ctica esportiva forma part de la Badalona saludable que volem\u201d.&nbsp;<\/p>\n\n\n\n<p>Durant la reuni\u00f3, l\u2019alcalde va recon\u00e8ixer que els clubs i les entitats tenen ra\u00f3 en les seves queixes i reivindicacions i que les actuals instal\u00b7lacions \u201cnecessiten urgentment moltes millores\u201d, per\u00f2 van llen\u00e7ar un missatge d\u2019optimisme: \u201cels recursos econ\u00f2mics, aquesta vegada s\u00ed, es trobaran recollits als pressupostos i es posaran en marxa perqu\u00e8 les millores siguin una realitat\u201d. &nbsp;<\/p>\n\n\n\n<p>Pel que fa a les instal\u00b7lacions de les pistes d\u2019atletisme Paco \u00c0guila, l\u2019alcalde va lamentar que \u201cs\u2019ha perdut molt de temps, no hi ha elaborat cap projecte executiu, per\u00f2 estem treballant perqu\u00e8 la inversi\u00f3 en la millora de les instal\u00b7lacions sigui una realitat i el proc\u00e9s d\u2019homologaci\u00f3 de les pistes sigui al m\u00e9s aviat possible\u201d.&nbsp;<\/p>\n","protected":false},"excerpt":{"rendered":"<p>L\u2019alcalde de Badalona, Rub\u00e9n Guijarro, s\u2019ha comprom\u00e8s davant d\u2019una representaci\u00f3 molt \u00e0mplia d\u2019entitats esportives de la ciutat a \u201ccomen\u00e7ar a revertir la situaci\u00f3 de les instal\u00b7lacions esportives de Badalona\u201d. En aquest sentit ha afegit \u201cposarem al servei d\u2019aquest objectiu els diners necessaris a trav\u00e9s dels pressupostos de l\u2019Ajuntament que presentarem els pr\u00f2xims dies\u201d.&nbsp; L\u2019alcalde es [&hellip;]<\/p>\n","protected":false},"author":2,"featured_media":2833,"comment_status":"open","ping_status":"open","sticky":false,"template":"","format":"standard","meta":{"footnotes":""},"categories":[23,26],"tags":[],"class_list":{"0":"post-2832","1":"post","2":"type-post","3":"status-publish","4":"format-standard","5":"has-post-thumbnail","7":"category-actualitat","8":"category-esports"},"_links":{"self":[{"href":"https:\/\/areabadalona.com\/diario\/wp-json\/wp\/v2\/posts\/2832","targetHints":{"allow":["GET"]}}],"collection":[{"href":"https:\/\/areabadalona.com\/diario\/wp-json\/wp\/v2\/posts"}],"about":[{"href":"https:\/\/areabadalona.com\/diario\/wp-json\/wp\/v2\/types\/post"}],"author":[{"embeddable":true,"href":"https:\/\/areabadalona.com\/diario\/wp-json\/wp\/v2\/users\/2"}],"replies":[{"embeddable":true,"href":"https:\/\/areabadalona.com\/diario\/wp-json\/wp\/v2\/comments?post=2832"}],"version-history":[{"count":1,"href":"https:\/\/areabadalona.com\/diario\/wp-json\/wp\/v2\/posts\/2832\/revisions"}],"predecessor-version":[{"id":2834,"href":"https:\/\/areabadalona.com\/diario\/wp-json\/wp\/v2\/posts\/2832\/revisions\/2834"}],"wp:featuredmedia":[{"embeddable":true,"href":"https:\/\/areabadalona.com\/diario\/wp-json\/wp\/v2\/media\/2833"}],"wp:attachment":[{"href":"https:\/\/areabadalona.com\/diario\/wp-json\/wp\/v2\/media?parent=2832"}],"wp:term":[{"taxonomy":"category","embeddable":true,"href":"https:\/\/areabadalona.com\/diario\/wp-json\/wp\/v2\/categories?post=2832"},{"taxonomy":"post_tag","embeddable":true,"href":"https:\/\/areabadalona.com\/diario\/wp-json\/wp\/v2\/tags?post=2832"}],"curies":[{"name":"wp","href":"https:\/\/api.w.org\/{rel}","templated":true}]}}