{"id":2829,"date":"2021-12-17T09:49:43","date_gmt":"2021-12-17T09:49:43","guid":{"rendered":"http:\/\/areabadalona.com\/diario\/?p=2829"},"modified":"2021-12-17T09:49:44","modified_gmt":"2021-12-17T09:49:44","slug":"presentada-a-les-entitats-animalistes-de-la-ciutat-la-nova-area-de-benestar-animal-de-lajuntament-de-badalona","status":"publish","type":"post","link":"https:\/\/areabadalona.com\/diario\/2021\/12\/17\/presentada-a-les-entitats-animalistes-de-la-ciutat-la-nova-area-de-benestar-animal-de-lajuntament-de-badalona\/","title":{"rendered":"Presentada a les entitats animalistes de la ciutat la nova \u00c0rea de Benestar Animal de l\u2019Ajuntament de Badalona"},"content":{"rendered":"\n<p>L\u2019alcalde de Badalona, Rub\u00e9n Guijarro, i la regidora de Medi Ambient, Sostenibilitat i Benestar Animal de l\u2019Ajuntament de Badalona, Rosa Trenado, han presentat els objectius de la nova \u00c0rea de Benestar Animal davant de les representants de les principals associacions animalistes de la ciutat en un acte que ha tingut lloc a la sala de premsa de l\u2019edifici municipal El Viver.&nbsp;<\/p>\n\n\n\n<p>Aquesta nova \u00e0rea aut\u00f2noma de gesti\u00f3 t\u00e9 l\u2019enc\u00e0rrec de portar a la pr\u00e0ctica pol\u00edtiques que protegeixin i impulsin el benestar dels animals i fomentar una bona conviv\u00e8ncia dels ve\u00efns i ve\u00efnes de Badalona amb els animals, siguin animals de companyia o fauna salvatge.&nbsp;<\/p>\n\n\n\n<p>L\u2019alcalde de Badalona, Rub\u00e9n Guijarro, ha agra\u00eft la labor altruista i generosa de les entitats animalistes i ha assegurat que \u201cposem en marxa des d\u2019avui mateix serveis i programes que han de convertir Badalona en una ciutat de refer\u00e8ncia en l\u2019\u00e0mbit del benestar animal\u201d.&nbsp;<\/p>\n\n\n\n<p>En la presentaci\u00f3, la regidora de Benestar Animal, Rosa Trenado ha remarcat que \u201cdes de fa anys cada cop s\u00f3n m\u00e9s les fam\u00edlies que opten per acollir animals i que des de les institucions p\u00fabliques, i especialment des dels ajuntaments, cal que reconeguem la import\u00e0ncia que t\u00e9 aquesta nova realitat\u201d. \u201cMitjan\u00e7ant aquesta \u00e0rea, garantim que fam\u00edlies que tenen animals i les entitats tinguin un interlocutor directe amb les administracions p\u00fabliques, volem que Badalona sigui una ciutat amable per als animals\u201d, ha concl\u00f2s la regidora.&nbsp;<\/p>\n\n\n\n<p>L\u2019Ajuntament de Badalona est\u00e0 treballant actualment en la pr\u00f2rroga del contracte de l\u2019\u00e0rea de manteniment del Centre d\u2019acollida d\u2019animals, en la licitaci\u00f3 del contracte de compra de pinso per a les col\u00f2nies felines i en la inclusi\u00f3 del veterinari d\u2019urg\u00e8ncia al contracte d\u2019animals \u201cex\u00f2tics\u201d abandonats.&nbsp;<\/p>\n\n\n\n<p><strong>Objectius de l\u2019\u00c0rea &nbsp;<\/strong><\/p>\n\n\n\n<p>La regidora Rosa Trenado ha avan\u00e7at que entre els objectius m\u00e9s destacats de la nova \u00c0rea de Benestar Animals cal destacar els seg\u00fcents:&nbsp;<\/p>\n\n\n\n<ul class=\"wp-block-list\"><li>Creaci\u00f3 de la taula de benestar animal&nbsp;<\/li><li>Campanyes de tinen\u00e7a responsable&nbsp;<\/li><li>Campanyes de voluntariat al CCAAC&nbsp;<\/li><li>Adhesi\u00f3 al programa VioPet&nbsp;<\/li><li>OMTA (Ordenan\u00e7a Municipal de Tinen\u00e7a d \u0301Animals)&nbsp;<\/li><li>\u00c0rees d&#8217;esbarjo per a gossos.&nbsp;<\/li><li>Gesti\u00f3 de col\u00f2nies felines urbanes (CER)&nbsp;<\/li><li>Creaci\u00f3 del segell \u201cEstabliment Pet-Friendly\u201d&nbsp;<\/li><li>Celebraci\u00f3 de fires animalistes juntament amb entitats&nbsp;<\/li><\/ul>\n\n\n\n<p>Des de l\u2019\u00c0rea s\u2019ha obert el correu electr\u00f2nic <a href=\"mailto:Benestar_Animal@badalona.cat\">Benestar_Animal@badalona.cat<\/a> per tal de vehicular totes les q\u00fcestions relacionades amb el Benestar Animal. &nbsp;<\/p>\n","protected":false},"excerpt":{"rendered":"<p>L\u2019alcalde de Badalona, Rub\u00e9n Guijarro, i la regidora de Medi Ambient, Sostenibilitat i Benestar Animal de l\u2019Ajuntament de Badalona, Rosa Trenado, han presentat els objectius de la nova \u00c0rea de Benestar Animal davant de les representants de les principals associacions animalistes de la ciutat en un acte que ha tingut lloc a la sala de [&hellip;]<\/p>\n","protected":false},"author":2,"featured_media":2830,"comment_status":"open","ping_status":"open","sticky":false,"template":"","format":"standard","meta":{"footnotes":""},"categories":[23,24],"tags":[],"class_list":{"0":"post-2829","1":"post","2":"type-post","3":"status-publish","4":"format-standard","5":"has-post-thumbnail","7":"category-actualitat","8":"category-societat"},"_links":{"self":[{"href":"https:\/\/areabadalona.com\/diario\/wp-json\/wp\/v2\/posts\/2829","targetHints":{"allow":["GET"]}}],"collection":[{"href":"https:\/\/areabadalona.com\/diario\/wp-json\/wp\/v2\/posts"}],"about":[{"href":"https:\/\/areabadalona.com\/diario\/wp-json\/wp\/v2\/types\/post"}],"author":[{"embeddable":true,"href":"https:\/\/areabadalona.com\/diario\/wp-json\/wp\/v2\/users\/2"}],"replies":[{"embeddable":true,"href":"https:\/\/areabadalona.com\/diario\/wp-json\/wp\/v2\/comments?post=2829"}],"version-history":[{"count":1,"href":"https:\/\/areabadalona.com\/diario\/wp-json\/wp\/v2\/posts\/2829\/revisions"}],"predecessor-version":[{"id":2831,"href":"https:\/\/areabadalona.com\/diario\/wp-json\/wp\/v2\/posts\/2829\/revisions\/2831"}],"wp:featuredmedia":[{"embeddable":true,"href":"https:\/\/areabadalona.com\/diario\/wp-json\/wp\/v2\/media\/2830"}],"wp:attachment":[{"href":"https:\/\/areabadalona.com\/diario\/wp-json\/wp\/v2\/media?parent=2829"}],"wp:term":[{"taxonomy":"category","embeddable":true,"href":"https:\/\/areabadalona.com\/diario\/wp-json\/wp\/v2\/categories?post=2829"},{"taxonomy":"post_tag","embeddable":true,"href":"https:\/\/areabadalona.com\/diario\/wp-json\/wp\/v2\/tags?post=2829"}],"curies":[{"name":"wp","href":"https:\/\/api.w.org\/{rel}","templated":true}]}}