{"id":2822,"date":"2021-12-16T12:25:03","date_gmt":"2021-12-16T12:25:03","guid":{"rendered":"http:\/\/areabadalona.com\/diario\/?p=2822"},"modified":"2021-12-16T12:25:03","modified_gmt":"2021-12-16T12:25:03","slug":"la-placa-de-la-vila-acull-aquest-diumenge-la-presentacio-de-la-campanya-de-reis","status":"publish","type":"post","link":"https:\/\/areabadalona.com\/diario\/2021\/12\/16\/la-placa-de-la-vila-acull-aquest-diumenge-la-presentacio-de-la-campanya-de-reis\/","title":{"rendered":"La pla\u00e7a de la Vila acull aquest diumenge la presentaci\u00f3 de la campanya de Reis"},"content":{"rendered":"\n<p>Aquest pr\u00f2xim <strong>diumenge 19 de desembre, a les 17.30 hores, tindr\u00e0 lloc a la pla\u00e7a de la Vila<\/strong>, l\u2019acte de presentaci\u00f3 de les activitats programades en el marc de la campanya de Reis a Badalona. L\u2019acte ser\u00e0 condu\u00eft pel Turnemi en cap, un personatge conegut pels m\u00e9s petits que fa d&#8217;ajudant dels Reis a Badalona, i que far\u00e0 una descripci\u00f3 de totes les novetats i activitats previstes. La direcci\u00f3 esc\u00e8nica d&#8217;aquesta presentaci\u00f3 anir\u00e0 a c\u00e0rrec de la companyia badalonina La Industrial Teatrera i es desenvolupar\u00e0 en el marc incomparable que representa l&#8217;arbre de Nadal i la fa\u00e7ana il\u00b7luminada de la pla\u00e7a de la Vila. &nbsp;<\/p>\n\n\n\n<p>Tamb\u00e9 es comptar\u00e0 amb la pres\u00e8ncia de Joan Sallas, expert en la did\u00e0ctica del plegat, que far\u00e0 una demostraci\u00f3 de com fer un fanalet; de l&#8217;alcalde de Badalona, Rub\u00e9n Guijarro, i de la regidora de Cultura i Mobilitat, Anna Maria Lara.&nbsp;<\/p>\n\n\n\n<p><strong>NADALES AMB SWING&nbsp;<\/strong><\/p>\n\n\n\n<p>Despr\u00e9s de la presentaci\u00f3 de les novetats sobre la visita dels Reis d\u2019Orient a Badalona, el mateix dia 19 de desembre, a les 18 hores, a la pla\u00e7a de la Vila es far\u00e0 l\u2019activitat Nadales amb Swing, a c\u00e0rrec del grup musical badalon\u00ed Games of Tones bcn.&nbsp;<\/p>\n\n\n\n<p>Games of Tones bcn \u00e9s un quartet vocal <em>a cappella<\/em> amb un repertori musicalment divers i deliberadament intemporal. Les seves versions ofereixen cuidades harmonies jazz\u00edstiques que inclouen improvisacions en \u201cscat\u201d, adaptacions singulars d\u2019emblem\u00e0tics \u201chits\u201d pop-rock, gospel i RnB, aix\u00ed com fresques pinzellades de m\u00fasica llatina i m\u00fasiques del m\u00f3n. Compta amb arranjaments vocals originals que confereixen al grup un segell ben peculiar. Aquesta vegada ofereixen una proposta ben peculiar, les \u00abNadales amb Swing\u00bb. Nadales tradicionals catalanes amb arranjaments originals d&#8217;Esteve Gen\u00eds Terri (component i director musical del grup) a ritme de swing, acompanyades tamb\u00e9 per algun cant de g\u00f2spel. El quartet est\u00e0 conformat per Esteve Gen\u00eds, Marta Zamora, Xavi Lite i Alba Quintos. Aquesta vegada tamb\u00e9 els acompanyaran Letizia di Liberto i Xavier Bl\u00e1zquez.&nbsp;<\/p>\n\n\n\n<p><strong>PROGRAMA D\u2019ACTIVITATS&nbsp;<\/strong><\/p>\n\n\n\n<p>La campanya de Reis a Badalona inclou un ampli ventall d\u2019activitats programades perqu\u00e8 els nens i nenes de la ciutat puguin participar i gaudir amb la visita dels patges reials, confeccionant els fanalets que guien els Reis d\u2019Orient quan arriben a Badalona, amb la narraci\u00f3 de contes, visitant el Campament Reial i amb la Cavalcada de Reis, entre altres. &nbsp;<\/p>\n\n\n\n<p>A continuaci\u00f3 us detallem algunes de les activitats m\u00e9s destacades de la campanya de Reis a Badalona:&nbsp;<\/p>\n\n\n\n<p><strong>B\u00daSTIES REIALS&nbsp;<\/strong><\/p>\n\n\n\n<p>del 17 de desembre al 6 de gener&nbsp;<\/p>\n\n\n\n<p><strong>VISITES DELS PATGES A LES B\u00daSTIES REIALS&nbsp;<\/strong><\/p>\n\n\n\n<p>28 i 29 de desembre d\u201911 a 13 h&nbsp;<\/p>\n\n\n\n<p>&#8211; Carrer Pomar de Baix \/ c. Riera de Canyad\u00f3.&nbsp;<\/p>\n\n\n\n<p>&#8211; Parc del Torrent d\u2019en Grau.&nbsp;<\/p>\n\n\n\n<p>&#8211; Avinguda d\u2019en Mart\u00ed Pujol \/ av. dels Vents&nbsp;<\/p>\n\n\n\n<p>3 i 4 de gener d\u201911 a 13 h&nbsp;<\/p>\n\n\n\n<p>&#8211; Carrer de P\u00e9rez Gald\u00f3s.&nbsp;<\/p>\n\n\n\n<p>&#8211; Avinguda d\u2019Alfons XIII \/ c. de Sant Lluc&nbsp;<\/p>\n\n\n\n<p>&#8211; Pla\u00e7a d\u2019Artigues.&nbsp;<\/p>\n\n\n\n<p><strong>TALLER DE FANALETS&nbsp;<\/strong><\/p>\n\n\n\n<p>a c\u00e0rrec de Joan Sallas, expert en la did\u00e0ctica del plegat&nbsp;<\/p>\n\n\n\n<p>&#8211; 20 de desembre, a les 18 h, a la Biblioteca Sant Roc&nbsp;<\/p>\n\n\n\n<p>&#8211; 21 de desembre, a les 17.30 h, a la Biblioteca Canyad\u00f3 i Casagemes-Joan Argent\u00e9&nbsp;<\/p>\n\n\n\n<p>&#8211; 21 de desembre, a les 17.30 h, a la Biblioteca Pomar&nbsp;<\/p>\n\n\n\n<p>&#8211; 22 de desembre, a les 18 h, a la Biblioteca Llefi\u00e0-Xavier Soto&nbsp;<\/p>\n\n\n\n<p>&#8211; 4 de gener, a les 17.30 h, a la Biblioteca Lloreda&nbsp;<\/p>\n\n\n\n<p>M\u00e9s informaci\u00f3 a <a href=\"http:\/\/www.badabiblios.cat\">www.badabiblios.cat<\/a>&nbsp;<\/p>\n\n\n\n<p><strong>CONTE I CRIDA ALS REIS&nbsp;<\/strong><\/p>\n\n\n\n<p>a c\u00e0rrec dels narradors de contes Joan Giralt i Jordi Gir\u00f3&nbsp;<\/p>\n\n\n\n<p>&#8211; 3 de gener, a les 17.30 h, a la Biblioteca Lloreda&nbsp;<\/p>\n\n\n\n<p>&#8211; 3 de gener, a les 18 h, a la Biblioteca Llefi\u00e0-Xavier Soto&nbsp;<\/p>\n\n\n\n<p>&#8211; 4 de gener, a les 17.30 h, a la Biblioteca Canyad\u00f3 i Casagemes-Joan Argent\u00e9&nbsp;<\/p>\n\n\n\n<p>&#8211; 4 de gener, a les 17.30 h, a Biblioteca Pomar&nbsp;<\/p>\n\n\n\n<p>&#8211; 5 de gener, a les 11 h, a la Biblioteca Sant Roc&nbsp;<\/p>\n\n\n\n<p>M\u00e9s informaci\u00f3 a <a href=\"http:\/\/www.badabiblios.cat\">www.badabiblios.cat<\/a>&nbsp;<\/p>\n\n\n\n<p><strong>ARRIBADA DE SES MAJESTATS ELS REIS D\u2019ORIENT&nbsp;<\/strong><\/p>\n\n\n\n<p>28 de desembre, a les 16.30 h, al Pont del Petroli&nbsp;<\/p>\n\n\n\n<p><strong>CAMPAMENT REIAL&nbsp;<\/strong><\/p>\n\n\n\n<p>30 i 31 de desembre i 2, 3 i 4&nbsp; de gener, de 17 a 21 h, al Parc de Montigal\u00e0&nbsp;<\/p>\n\n\n\n<p>Cal sol\u00b7licitar cita pr\u00e8via.&nbsp;<\/p>\n\n\n\n<p><strong>CAVALCADA DE REIS&nbsp;<\/strong><\/p>\n\n\n\n<p>5 de gener, a partir de les 18 h. Inici del recorregut a l\u2019avinguda de Pius XII (cantonada Ramiro de Maeztu)&nbsp;<\/p>\n\n\n\n<p>El programa de les activitats es pot trobar a <a href=\"http:\/\/www.badalona.cat\">www.badalona.cat<\/a> i tamb\u00e9 actualitzat a <a href=\"http:\/\/www.agendacultural.badalona.cat\">www.agendacultural.badalona.cat<\/a>&nbsp;<\/p>\n\n\n\n<p><strong>ACTIVITATS AL PORT&nbsp;<\/strong><\/p>\n\n\n\n<p>29 i 30 de desembre al Vaixell dels Reis i al Moll de Capitania del Port de Badalona, d\u201911 a 14 h i de 17 a 20 h, activitats per fer en fam\u00edlia: taller de fanalets, escriure la carta als Reis, visitar la cabina del Vaixell dels Reis, visitar el Planetari, conte <em>El Fanalet d\u2019en Tasi<\/em> i can\u00e7ons. En algunes de les activitats cal inscripci\u00f3 pr\u00e8via: <a href=\"http:\/\/www.marinabadalona.cat\">www.marinabadalona.cat<\/a>.&nbsp;<\/p>\n","protected":false},"excerpt":{"rendered":"<p>Aquest pr\u00f2xim diumenge 19 de desembre, a les 17.30 hores, tindr\u00e0 lloc a la pla\u00e7a de la Vila, l\u2019acte de presentaci\u00f3 de les activitats programades en el marc de la campanya de Reis a Badalona. L\u2019acte ser\u00e0 condu\u00eft pel Turnemi en cap, un personatge conegut pels m\u00e9s petits que fa d&#8217;ajudant dels Reis a Badalona, [&hellip;]<\/p>\n","protected":false},"author":2,"featured_media":2823,"comment_status":"open","ping_status":"open","sticky":false,"template":"","format":"standard","meta":{"footnotes":""},"categories":[23,24],"tags":[],"class_list":{"0":"post-2822","1":"post","2":"type-post","3":"status-publish","4":"format-standard","5":"has-post-thumbnail","7":"category-actualitat","8":"category-societat"},"_links":{"self":[{"href":"https:\/\/areabadalona.com\/diario\/wp-json\/wp\/v2\/posts\/2822","targetHints":{"allow":["GET"]}}],"collection":[{"href":"https:\/\/areabadalona.com\/diario\/wp-json\/wp\/v2\/posts"}],"about":[{"href":"https:\/\/areabadalona.com\/diario\/wp-json\/wp\/v2\/types\/post"}],"author":[{"embeddable":true,"href":"https:\/\/areabadalona.com\/diario\/wp-json\/wp\/v2\/users\/2"}],"replies":[{"embeddable":true,"href":"https:\/\/areabadalona.com\/diario\/wp-json\/wp\/v2\/comments?post=2822"}],"version-history":[{"count":1,"href":"https:\/\/areabadalona.com\/diario\/wp-json\/wp\/v2\/posts\/2822\/revisions"}],"predecessor-version":[{"id":2824,"href":"https:\/\/areabadalona.com\/diario\/wp-json\/wp\/v2\/posts\/2822\/revisions\/2824"}],"wp:featuredmedia":[{"embeddable":true,"href":"https:\/\/areabadalona.com\/diario\/wp-json\/wp\/v2\/media\/2823"}],"wp:attachment":[{"href":"https:\/\/areabadalona.com\/diario\/wp-json\/wp\/v2\/media?parent=2822"}],"wp:term":[{"taxonomy":"category","embeddable":true,"href":"https:\/\/areabadalona.com\/diario\/wp-json\/wp\/v2\/categories?post=2822"},{"taxonomy":"post_tag","embeddable":true,"href":"https:\/\/areabadalona.com\/diario\/wp-json\/wp\/v2\/tags?post=2822"}],"curies":[{"name":"wp","href":"https:\/\/api.w.org\/{rel}","templated":true}]}}