{"id":2817,"date":"2021-12-16T10:07:34","date_gmt":"2021-12-16T10:07:34","guid":{"rendered":"http:\/\/areabadalona.com\/diario\/?p=2817"},"modified":"2021-12-16T10:07:36","modified_gmt":"2021-12-16T10:07:36","slug":"lalcalde-de-badalona-visita-les-instal%c2%b7lacions-de-lhospital-germans-trias-i-pujol","status":"publish","type":"post","link":"https:\/\/areabadalona.com\/diario\/2021\/12\/16\/lalcalde-de-badalona-visita-les-instal%c2%b7lacions-de-lhospital-germans-trias-i-pujol\/","title":{"rendered":"L\u2019alcalde de Badalona visita les instal\u00b7lacions de l\u2019Hospital Germans Trias i Pujol"},"content":{"rendered":"\n<p>L\u2019alcalde de Badalona, Rub\u00e9n Guijarro, ha visitat aquest mat\u00ed les instal\u00b7lacions de l\u2019Hospital Germans Trias i Pujol amb la voluntat de con\u00e8ixer el centre d\u2019una forma global i refermar el comprom\u00eds del Govern municipal amb la consolidaci\u00f3 de Can Ruti com un Hub sanitari i d\u2019investigaci\u00f3 biom\u00e8dica de refer\u00e8ncia estatal. Guijarro ha recorregut les diverses \u00e0rees que conformen l\u2019Hospital i ha pogut con\u00e8ixer de la m\u00e0 dels professionals del centre les \u00e0rees estrat\u00e8giques que conformen el recinte hospitalari i que s\u00f3n claus per a potenciar Can Ruti com a centre de refer\u00e8ncia a Catalunya i Espanya. &nbsp;<\/p>\n\n\n\n<p>L\u2019alcalde tamb\u00e9 ha visitat la nova UCI de l\u2019Hospital Germans Trias, que va entrar en funcionament aquest dilluns 13 de desembre. La nova planta disposa de 20 llits de cr\u00edtics estructurals m\u00e9s, dels quals 16 estaran destinats a l\u2019atenci\u00f3 del pacient cr\u00edtic adult i quatre estaran destinats a l\u2019atenci\u00f3 del pacient cr\u00edtic pedi\u00e0tric, convertint-se aix\u00ed en l\u2019\u00fanica unitat de cr\u00edtics pedi\u00e0trics del Barcelon\u00e8s Nord i Maresme i completant d\u2019aquesta manera la cartera de serveis del territori tant pel que fa a la Medicina Intensiva com a la Pediatria. &nbsp;<\/p>\n\n\n\n<p>Aquesta nova UCI suposa un canvi significatiu en les condicions d\u2019hospitalitzaci\u00f3 del pacient cr\u00edtic de l\u2019Hospital, ja que totes les habitacions s\u00f3n individuals, equipades amb la darrera tecnologia i, sobretot, pensades per respondre a les necessitats dels professionals, dels pacients i de les seves fam\u00edlies.&nbsp;<\/p>\n\n\n\n<p>Durant la visita l\u2019alcalde ha estat acompanyat per la gerent de l\u2019\u00c0mbit de la Metropolitana Nord de la Regi\u00f3 Sanit\u00e0ria de Barcelona, Anna Aran; de la directora executiva del sector sanitari Barcelon\u00e8s Nord i Maresme, Anna Puente; del gerent territorial de l\u2019Institut Catal\u00e0 de la Salut a l\u2019\u00e0rea Metropolitana Nord, doctor Jordi Ara; del director assistencial de l\u2019Hospital Germans Trias, Josep Maria M\u00f2dul; de la directora infermera de l\u2019Hospital Germans Trias, Isabel Andr\u00e9s, i del director de Serveis Generals de l\u2019Hospital, Marc Jaum\u00e0.&nbsp;<\/p>\n\n\n\n<p>En acabar la visita, Rub\u00e9n Guijarro ha agra\u00eft la possibilitat de poder \u201cvisitar les instal\u00b7lacions i con\u00e8ixer amb tota mena de detalls com treballa l\u2019equip de professionals de l\u2019Hospital, a qui agraeixo la seva dedicaci\u00f3 i professionalitat i que s\u00f3n el pilar fonamental per fer d\u2019aquest centre una instituci\u00f3 de refer\u00e8ncia\u201d. L\u2019alcalde de Badalona ha refermat \u201cel comprom\u00eds absolut del Govern municipal per treballar en l\u2019impuls i consolidaci\u00f3 de Can Ruti com un Hub sanitari i d\u2019investigaci\u00f3 en la salut, en la biomedicina, en la biologia i en la innovaci\u00f3 que sigui referent a Catalunya i a Espanya i permeti projectar la ciutat de Badalona i associar-la a valors positius\u201d. &nbsp;<\/p>\n","protected":false},"excerpt":{"rendered":"<p>L\u2019alcalde de Badalona, Rub\u00e9n Guijarro, ha visitat aquest mat\u00ed les instal\u00b7lacions de l\u2019Hospital Germans Trias i Pujol amb la voluntat de con\u00e8ixer el centre d\u2019una forma global i refermar el comprom\u00eds del Govern municipal amb la consolidaci\u00f3 de Can Ruti com un Hub sanitari i d\u2019investigaci\u00f3 biom\u00e8dica de refer\u00e8ncia estatal. Guijarro ha recorregut les diverses [&hellip;]<\/p>\n","protected":false},"author":2,"featured_media":2818,"comment_status":"open","ping_status":"open","sticky":false,"template":"","format":"standard","meta":{"footnotes":""},"categories":[23,24],"tags":[],"class_list":{"0":"post-2817","1":"post","2":"type-post","3":"status-publish","4":"format-standard","5":"has-post-thumbnail","7":"category-actualitat","8":"category-societat"},"_links":{"self":[{"href":"https:\/\/areabadalona.com\/diario\/wp-json\/wp\/v2\/posts\/2817","targetHints":{"allow":["GET"]}}],"collection":[{"href":"https:\/\/areabadalona.com\/diario\/wp-json\/wp\/v2\/posts"}],"about":[{"href":"https:\/\/areabadalona.com\/diario\/wp-json\/wp\/v2\/types\/post"}],"author":[{"embeddable":true,"href":"https:\/\/areabadalona.com\/diario\/wp-json\/wp\/v2\/users\/2"}],"replies":[{"embeddable":true,"href":"https:\/\/areabadalona.com\/diario\/wp-json\/wp\/v2\/comments?post=2817"}],"version-history":[{"count":1,"href":"https:\/\/areabadalona.com\/diario\/wp-json\/wp\/v2\/posts\/2817\/revisions"}],"predecessor-version":[{"id":2819,"href":"https:\/\/areabadalona.com\/diario\/wp-json\/wp\/v2\/posts\/2817\/revisions\/2819"}],"wp:featuredmedia":[{"embeddable":true,"href":"https:\/\/areabadalona.com\/diario\/wp-json\/wp\/v2\/media\/2818"}],"wp:attachment":[{"href":"https:\/\/areabadalona.com\/diario\/wp-json\/wp\/v2\/media?parent=2817"}],"wp:term":[{"taxonomy":"category","embeddable":true,"href":"https:\/\/areabadalona.com\/diario\/wp-json\/wp\/v2\/categories?post=2817"},{"taxonomy":"post_tag","embeddable":true,"href":"https:\/\/areabadalona.com\/diario\/wp-json\/wp\/v2\/tags?post=2817"}],"curies":[{"name":"wp","href":"https:\/\/api.w.org\/{rel}","templated":true}]}}